{"id":1090,"date":"2015-10-14T23:15:45","date_gmt":"2015-10-14T21:15:45","guid":{"rendered":"http:\/\/www.wnetrznosci.com\/?p=1090"},"modified":"2015-10-14T23:15:45","modified_gmt":"2015-10-14T21:15:45","slug":"jak-dobrze-urzadzic-kawalerke","status":"publish","type":"post","link":"http:\/\/www.ourchoys.pl\/index.php\/jak-dobrze-urzadzic-kawalerke\/","title":{"rendered":"Jak dobrze urz\u0105dzi\u0107 kawalerk\u0119"},"content":{"rendered":"<p>Wiele w\u0142a\u015bcicieli kawalerek zadaje sobie tytu\u0142owe pytanie. Niekt\u00f3rzy nie maj\u0105 zupe\u0142nie pomys\u0142u na aran\u017cacj\u0119, inni za\u015b chc\u0105 wykorzysta\u0107 sto procent przestrzeni &#8211; tak aby by\u0142a w pe\u0142ni funkcjonalna. Cz\u0119sto pope\u0142nianym b\u0142\u0119dem jest my\u015bl, \u017ce przy ma\u0142ych powierzchniach poradzimy sobie sami, a architekt jest nam zupe\u0142nie zb\u0119dny. Nic bardziej mylnego, to w\u0142a\u015bnie przy ma\u0142ych powierzchniach architekt jest nam bardzo potrzebny (no chyba, \u017ce\u00a0sami nim\u00a0jeste\u015bmy). Idealny przyk\u0142ad przedstawiamy poni\u017cej. Ekipa\u00a0z Raca-architekci.pl poradzi\u0142a sobie na pi\u0105tk\u0119 z plusem z mieszkaniem o powierzchni niespe\u0142na 36m2 mieszcz\u0105cym si\u0119 w Gda\u0144sku. Ka\u017cdy centymetr tego mieszkania sprawia wra\u017cenie w pe\u0142ni zagospodarowanego.<\/p>\n<p><a href=\"http:\/\/www.wnetrznosci.com\/wp-content\/uploads\/2015\/10\/01.jpg\"><img loading=\"lazy\" decoding=\"async\" class=\"aligncenter size-medium wp-image-1091\" src=\"http:\/\/www.wnetrznosci.com\/wp-content\/uploads\/2015\/10\/01-744x496.jpg\" alt=\"kawalerska polska\" width=\"744\" height=\"496\" \/><\/a>Ca\u0142o\u015b\u0107 wydaje si\u0119 urz\u0105dzona w klimacie skandynawskim, jednak jest tutaj wi\u0119cej koloru oraz wi\u0119cej designerskich dodatk\u00f3w.<\/p>\n<p><!--more--><\/p>\n<p><a href=\"http:\/\/www.wnetrznosci.com\/wp-content\/uploads\/2015\/10\/02.jpg\"><img loading=\"lazy\" decoding=\"async\" class=\"aligncenter size-medium wp-image-1092\" src=\"http:\/\/www.wnetrznosci.com\/wp-content\/uploads\/2015\/10\/02-744x1117.jpg\" alt=\"kawalerska polska\" width=\"744\" height=\"1117\" \/><\/a> <a href=\"http:\/\/www.wnetrznosci.com\/wp-content\/uploads\/2015\/10\/03.jpg\"><img loading=\"lazy\" decoding=\"async\" class=\"aligncenter size-medium wp-image-1093\" src=\"http:\/\/www.wnetrznosci.com\/wp-content\/uploads\/2015\/10\/03-744x496.jpg\" alt=\"kawalerska polska\" width=\"744\" height=\"496\" \/><\/a>Podk\u0142adki oraz wazon znale\u017a\u0107 mo\u017cemy na www.lumanndesign.com<br \/>\n<a href=\"http:\/\/www.wnetrznosci.com\/wp-content\/uploads\/2015\/10\/04.jpg\"><img loading=\"lazy\" decoding=\"async\" class=\"aligncenter size-medium wp-image-1094\" src=\"http:\/\/www.wnetrznosci.com\/wp-content\/uploads\/2015\/10\/04-744x1117.jpg\" alt=\"kawalerska polska\" width=\"744\" height=\"1117\" \/><\/a> Filc ociepla klimat wn\u0119trza.<a href=\"http:\/\/www.wnetrznosci.com\/wp-content\/uploads\/2015\/10\/05.jpg\"><img loading=\"lazy\" decoding=\"async\" class=\"aligncenter size-medium wp-image-1095\" src=\"http:\/\/www.wnetrznosci.com\/wp-content\/uploads\/2015\/10\/05-744x496.jpg\" alt=\"kawalerska polska\" width=\"744\" height=\"496\" \/><\/a> Komoda pod TV pochodzi z IKEI, model stockholm.<a href=\"http:\/\/www.wnetrznosci.com\/wp-content\/uploads\/2015\/10\/06.jpg\"><img loading=\"lazy\" decoding=\"async\" class=\"aligncenter size-medium wp-image-1096\" src=\"http:\/\/www.wnetrznosci.com\/wp-content\/uploads\/2015\/10\/06-744x1116.jpg\" alt=\"kawalerska polska\" width=\"744\" height=\"1116\" \/><\/a><a href=\"http:\/\/www.wnetrznosci.com\/wp-content\/uploads\/2015\/10\/07.jpg\"><img loading=\"lazy\" decoding=\"async\" class=\"aligncenter size-medium wp-image-1097\" src=\"http:\/\/www.wnetrznosci.com\/wp-content\/uploads\/2015\/10\/07-744x496.jpg\" alt=\"kawalerska polska\" width=\"744\" height=\"496\" \/><\/a> Szafa bez uchwyt\u00f3w pi\u0119knie wkomponowa\u0142a si\u0119 w ca\u0142o\u015b\u0107 pokoju i nie pomniejsza go.\u00a0<a href=\"http:\/\/www.wnetrznosci.com\/wp-content\/uploads\/2015\/10\/08.jpg\"><img loading=\"lazy\" decoding=\"async\" class=\"aligncenter size-medium wp-image-1098\" src=\"http:\/\/www.wnetrznosci.com\/wp-content\/uploads\/2015\/10\/08-744x496.jpg\" alt=\"kawalerska polska\" width=\"744\" height=\"496\" \/><\/a> <a href=\"http:\/\/www.wnetrznosci.com\/wp-content\/uploads\/2015\/10\/09_2.jpg\"><img loading=\"lazy\" decoding=\"async\" class=\"aligncenter size-medium wp-image-1099\" src=\"http:\/\/www.wnetrznosci.com\/wp-content\/uploads\/2015\/10\/09_2-744x496.jpg\" alt=\"kawalerska polska\" width=\"744\" height=\"496\" \/><\/a> <a href=\"http:\/\/www.wnetrznosci.com\/wp-content\/uploads\/2015\/10\/09.jpg\"><img loading=\"lazy\" decoding=\"async\" class=\"aligncenter size-medium wp-image-1100\" src=\"http:\/\/www.wnetrznosci.com\/wp-content\/uploads\/2015\/10\/09-744x496.jpg\" alt=\"kawalerska polska\" width=\"744\" height=\"496\" \/><\/a>Filcowa \u015bciana w pakiecie z ozdobnym grzejnikiem robi piorunuj\u0105ce wra\u017cenie i jest chyba najlepszym elementem w tym mieszkaniu.<br \/>\n<a href=\"http:\/\/www.wnetrznosci.com\/wp-content\/uploads\/2015\/10\/11.jpg\"><img loading=\"lazy\" decoding=\"async\" class=\"aligncenter size-medium wp-image-1101\" src=\"http:\/\/www.wnetrznosci.com\/wp-content\/uploads\/2015\/10\/11-744x496.jpg\" alt=\"kawalerska polska\" width=\"744\" height=\"496\" \/><\/a> <a href=\"http:\/\/www.wnetrznosci.com\/wp-content\/uploads\/2015\/10\/13.jpg\"><img loading=\"lazy\" decoding=\"async\" class=\"aligncenter size-medium wp-image-1102\" src=\"http:\/\/www.wnetrznosci.com\/wp-content\/uploads\/2015\/10\/13-744x496.jpg\" alt=\"kawalerska polska\" width=\"744\" height=\"496\" \/><\/a> <a href=\"http:\/\/www.wnetrznosci.com\/wp-content\/uploads\/2015\/10\/14.jpg\"><img loading=\"lazy\" decoding=\"async\" class=\"aligncenter size-medium wp-image-1103\" src=\"http:\/\/www.wnetrznosci.com\/wp-content\/uploads\/2015\/10\/14-744x496.jpg\" alt=\"kawalerska polska\" width=\"744\" height=\"496\" \/><\/a> Turkus \u015bwietnie prze\u0142ama\u0142 \u00a0biele i szaro\u015bci.<a href=\"http:\/\/www.wnetrznosci.com\/wp-content\/uploads\/2015\/10\/15.jpg\"><img loading=\"lazy\" decoding=\"async\" class=\"aligncenter size-medium wp-image-1104\" src=\"http:\/\/www.wnetrznosci.com\/wp-content\/uploads\/2015\/10\/15-744x496.jpg\" alt=\"kawalerska polska\" width=\"744\" height=\"496\" \/><\/a> <a href=\"http:\/\/www.wnetrznosci.com\/wp-content\/uploads\/2015\/10\/16.jpg\"><img loading=\"lazy\" decoding=\"async\" class=\"aligncenter size-medium wp-image-1105\" src=\"http:\/\/www.wnetrznosci.com\/wp-content\/uploads\/2015\/10\/16-744x496.jpg\" alt=\"kawalerska polska\" width=\"744\" height=\"496\" \/><\/a> Du\u017ce lustro w \u0142azience optycznie doda\u0142o jej metra\u017cu.<a href=\"http:\/\/www.wnetrznosci.com\/wp-content\/uploads\/2015\/10\/18.jpg\"><img loading=\"lazy\" decoding=\"async\" class=\"aligncenter size-medium wp-image-1106\" src=\"http:\/\/www.wnetrznosci.com\/wp-content\/uploads\/2015\/10\/18-744x496.jpg\" alt=\"kawalerska polska\" width=\"744\" height=\"496\" \/><\/a> Oraz na koniec rzut z g\u00f3ry.<a href=\"http:\/\/www.wnetrznosci.com\/wp-content\/uploads\/2015\/10\/20.jpg\"><img loading=\"lazy\" decoding=\"async\" class=\"aligncenter size-medium wp-image-1107\" src=\"http:\/\/www.wnetrznosci.com\/wp-content\/uploads\/2015\/10\/20-744x465.jpg\" alt=\"kawalerska polska plan\" width=\"744\" height=\"465\" \/><\/a><\/p>\n<p>&nbsp;<\/p>\n<p>\u0179r\u00f3d\u0142o: www.raca-architekci.pl<\/p>\n<p>Zdj\u0119cia: Alka Murat<\/p>\n","protected":false},"excerpt":{"rendered":"<p>Wiele w\u0142a\u015bcicieli kawalerek zadaje sobie tytu\u0142owe pytanie. Niekt\u00f3rzy nie maj\u0105 zupe\u0142nie pomys\u0142u na aran\u017cacj\u0119, inni za\u015b chc\u0105 wykorzysta\u0107 sto procent przestrzeni &#8211; tak aby by\u0142a w pe\u0142ni funkcjonalna. Cz\u0119sto pope\u0142nianym b\u0142\u0119dem jest my\u015bl, \u017ce przy ma\u0142ych powierzchniach poradzimy sobie sami, a architekt jest nam zupe\u0142nie zb\u0119dny. Nic bardziej mylnego, to w\u0142a\u015bnie przy ma\u0142ych powierzchniach architekt jest nam bardzo potrzebny (no chyba, \u017ce\u00a0sami nim\u00a0jeste\u015bmy). Idealny przyk\u0142ad przedstawiamy poni\u017cej. Ekipa\u00a0z Raca-architekci.pl poradzi\u0142a&#8230;<\/p>\n","protected":false},"author":1,"featured_media":0,"comment_status":"open","ping_status":"open","sticky":false,"template":"","format":"gallery","meta":{"_acf_changed":false,"footnotes":""},"categories":[12],"tags":[73,148,146,81,5,147],"class_list":["post-1090","post","type-post","status-publish","format-gallery","hentry","category-wnetrze","tag-design","tag-filc","tag-gdansk","tag-kawalerka","tag-polska","tag-roca","post_format-post-format-gallery"],"acf":[],"_links":{"self":[{"href":"http:\/\/www.ourchoys.pl\/index.php\/wp-json\/wp\/v2\/posts\/1090","targetHints":{"allow":["GET"]}}],"collection":[{"href":"http:\/\/www.ourchoys.pl\/index.php\/wp-json\/wp\/v2\/posts"}],"about":[{"href":"http:\/\/www.ourchoys.pl\/index.php\/wp-json\/wp\/v2\/types\/post"}],"author":[{"embeddable":true,"href":"http:\/\/www.ourchoys.pl\/index.php\/wp-json\/wp\/v2\/users\/1"}],"replies":[{"embeddable":true,"href":"http:\/\/www.ourchoys.pl\/index.php\/wp-json\/wp\/v2\/comments?post=1090"}],"version-history":[{"count":3,"href":"http:\/\/www.ourchoys.pl\/index.php\/wp-json\/wp\/v2\/posts\/1090\/revisions"}],"predecessor-version":[{"id":1110,"href":"http:\/\/www.ourchoys.pl\/index.php\/wp-json\/wp\/v2\/posts\/1090\/revisions\/1110"}],"wp:attachment":[{"href":"http:\/\/www.ourchoys.pl\/index.php\/wp-json\/wp\/v2\/media?parent=1090"}],"wp:term":[{"taxonomy":"category","embeddable":true,"href":"http:\/\/www.ourchoys.pl\/index.php\/wp-json\/wp\/v2\/categories?post=1090"},{"taxonomy":"post_tag","embeddable":true,"href":"http:\/\/www.ourchoys.pl\/index.php\/wp-json\/wp\/v2\/tags?post=1090"}],"curies":[{"name":"wp","href":"https:\/\/api.w.org\/{rel}","templated":true}]}}