{"id":1309,"date":"2015-12-10T09:44:55","date_gmt":"2015-12-10T08:44:55","guid":{"rendered":"http:\/\/www.wnetrznosci.com\/?p=1309"},"modified":"2019-02-17T18:55:40","modified_gmt":"2019-02-17T17:55:40","slug":"legendy-prl-u-cz-iii","status":"publish","type":"post","link":"http:\/\/www.ourchoys.pl\/index.php\/legendy-prl-u-cz-iii\/","title":{"rendered":"Legendy PRL-u cz. III"},"content":{"rendered":"<p>To ju\u017c trzecia\u00a0ods\u0142ona naszej co dwutygodniowej serii legend mebli z epoki PRL-u. W tym tygodniu nie zabrak\u0142o klasyki od Pana Rajmunda Ha\u0142asa jak i r\u00f3wnie\u017c pojawi\u0142a si\u0119 do\u015b\u0107 nietypowa, ale zarazem bardzo oryginalna komoda z miejscem na winyle sprzedawana niedawno przez Sylwi\u0119 Biegaj. Przypominamy r\u00f3wnie\u017c, \u017ce\u00a0je\u017celi\u00a0posiadacie\u00a0wi\u0119cej propozycji lub informacji na temat danych mebli \u2013 np. projektant &#8211; podajemy\u00a0naszego maila: wnetrznoscilodz@gmail.com oraz zach\u0119camy do komentowania.<\/p>\n<figure id=\"attachment_1310\" aria-describedby=\"caption-attachment-1310\" style=\"width: 500px\" class=\"wp-caption aligncenter\"><a href=\"http:\/\/www.wnetrznosci.com\/wp-content\/uploads\/2015\/12\/wiklina.jpg\"><img loading=\"lazy\" decoding=\"async\" class=\"size-full wp-image-1310\" src=\"http:\/\/www.wnetrznosci.com\/wp-content\/uploads\/2015\/12\/wiklina.jpg\" alt=\"W\u0142adys\u0142aw Wo\u0142kowski, \u017ar\u00f3d\u0142o: www.wiklina.wordpress.com\" width=\"500\" height=\"575\" srcset=\"http:\/\/www.ourchoys.pl\/wp-content\/uploads\/2015\/12\/wiklina.jpg 500w, http:\/\/www.ourchoys.pl\/wp-content\/uploads\/2015\/12\/wiklina-65x75.jpg 65w, http:\/\/www.ourchoys.pl\/wp-content\/uploads\/2015\/12\/wiklina-183x210.jpg 183w, http:\/\/www.ourchoys.pl\/wp-content\/uploads\/2015\/12\/wiklina-261x300.jpg 261w\" sizes=\"auto, (max-width: 500px) 100vw, 500px\" \/><\/a><figcaption id=\"caption-attachment-1310\" class=\"wp-caption-text\">Fotel z wikliny, W\u0142adys\u0142aw Wo\u0142kowski, powsta\u0142 pod koniec lat 50. \u017ar\u00f3d\u0142o: www.wiklina.wordpress.com<\/figcaption><\/figure>\n<p><!--more--><\/p>\n<figure id=\"attachment_1311\" aria-describedby=\"caption-attachment-1311\" style=\"width: 500px\" class=\"wp-caption aligncenter\"><a href=\"http:\/\/www.wnetrznosci.com\/wp-content\/uploads\/2015\/12\/12311274_704492119687038_907998259302491939_n.jpg\"><img loading=\"lazy\" decoding=\"async\" class=\"wp-image-1311 size-full\" src=\"http:\/\/www.wnetrznosci.com\/wp-content\/uploads\/2015\/12\/12311274_704492119687038_907998259302491939_n.jpg\" alt=\"Sylwia Biegaj\" width=\"500\" height=\"500\" srcset=\"http:\/\/www.ourchoys.pl\/wp-content\/uploads\/2015\/12\/12311274_704492119687038_907998259302491939_n.jpg 500w, http:\/\/www.ourchoys.pl\/wp-content\/uploads\/2015\/12\/12311274_704492119687038_907998259302491939_n-75x75.jpg 75w, http:\/\/www.ourchoys.pl\/wp-content\/uploads\/2015\/12\/12311274_704492119687038_907998259302491939_n-210x210.jpg 210w, http:\/\/www.ourchoys.pl\/wp-content\/uploads\/2015\/12\/12311274_704492119687038_907998259302491939_n-300x300.jpg 300w\" sizes=\"auto, (max-width: 500px) 100vw, 500px\" \/><\/a><figcaption id=\"caption-attachment-1311\" class=\"wp-caption-text\">Komoda z miejscem na winyle.\u00a0Produkowana w\u00a0okolicach lat 1960. Projektant: b\/d. \u0179r\u00f3d\u0142o: http:\/\/www.sylwiabiegaj.pl<\/figcaption><\/figure>\n<figure id=\"attachment_1312\" aria-describedby=\"caption-attachment-1312\" style=\"width: 744px\" class=\"wp-caption aligncenter\"><a href=\"http:\/\/www.wnetrznosci.com\/wp-content\/uploads\/2015\/12\/zn4.png\"><img loading=\"lazy\" decoding=\"async\" class=\"wp-image-1312 size-medium\" src=\"http:\/\/www.wnetrznosci.com\/wp-content\/uploads\/2015\/12\/zn4-744x894.png\" alt=\"\u0179r\u00f3d\u0142o: http:\/\/lata60-te.pl\/sklep\/krzeslo-skoczek-miodowe-lata-60\/\" width=\"744\" height=\"894\" \/><\/a><figcaption id=\"caption-attachment-1312\" class=\"wp-caption-text\">Krzes\u0142o &#8222;Skoczek&#8221;, powsta\u0142o w Zamojskich Fabrykach Mebli, projektant nieznany, produkowane masowo w latach 60-70. \u0179r\u00f3d\u0142o: http:\/\/lata60-te.pl\/sklep\/krzeslo-skoczek-miodowe-lata-60\/<\/figcaption><\/figure>\n<figure id=\"attachment_1313\" aria-describedby=\"caption-attachment-1313\" style=\"width: 720px\" class=\"wp-caption aligncenter\"><a href=\"http:\/\/www.wnetrznosci.com\/wp-content\/uploads\/2015\/12\/12046944_1633391173584322_9016336061260728320_n.jpg\"><img loading=\"lazy\" decoding=\"async\" class=\"size-full wp-image-1313\" src=\"http:\/\/www.wnetrznosci.com\/wp-content\/uploads\/2015\/12\/12046944_1633391173584322_9016336061260728320_n.jpg\" alt=\"filmowe krzes\u0142o (Wytw\u00f3rnia filmowa &quot;Czo\u0142\u00f3wka&quot;) przesz\u0142o w\u0142a\u015bnie metamorfoz\u0119. Typ krzes\u0142a 200\/128 z Go\u015bcici\u0144skiej Fabryki Mebli. \u0179r\u00f3d\u0142o: https:\/\/www.facebook.com\/Jest-Dobrze-1519822008274573\/\" width=\"720\" height=\"536\" srcset=\"http:\/\/www.ourchoys.pl\/wp-content\/uploads\/2015\/12\/12046944_1633391173584322_9016336061260728320_n.jpg 720w, http:\/\/www.ourchoys.pl\/wp-content\/uploads\/2015\/12\/12046944_1633391173584322_9016336061260728320_n-75x56.jpg 75w, http:\/\/www.ourchoys.pl\/wp-content\/uploads\/2015\/12\/12046944_1633391173584322_9016336061260728320_n-282x210.jpg 282w, http:\/\/www.ourchoys.pl\/wp-content\/uploads\/2015\/12\/12046944_1633391173584322_9016336061260728320_n-300x223.jpg 300w\" sizes=\"auto, (max-width: 720px) 100vw, 720px\" \/><\/a><figcaption id=\"caption-attachment-1313\" class=\"wp-caption-text\">filmowe krzes\u0142o (Wytw\u00f3rnia filmowa &#8222;Czo\u0142\u00f3wka&#8221;) typ krzes\u0142a 200\/128, lata 60\/70, Go\u015bcici\u0144skiej Fabryki Mebli. \u0179r\u00f3d\u0142o: https:\/\/www.facebook.com\/Jest-Dobrze-1519822008274573\/<\/figcaption><\/figure>\n<figure id=\"attachment_1314\" aria-describedby=\"caption-attachment-1314\" style=\"width: 640px\" class=\"wp-caption aligncenter\"><a href=\"http:\/\/www.wnetrznosci.com\/wp-content\/uploads\/2015\/12\/11349167_672661076198362_866690019_n.jpg\"><img loading=\"lazy\" decoding=\"async\" class=\"size-full wp-image-1314\" src=\"http:\/\/www.wnetrznosci.com\/wp-content\/uploads\/2015\/12\/11349167_672661076198362_866690019_n.jpg\" alt=\"POCHODZENIE: Polska, lata 60. PRODUCENT: Bydgoskie Fabryki Mebli\" width=\"640\" height=\"640\" srcset=\"http:\/\/www.ourchoys.pl\/wp-content\/uploads\/2015\/12\/11349167_672661076198362_866690019_n.jpg 640w, http:\/\/www.ourchoys.pl\/wp-content\/uploads\/2015\/12\/11349167_672661076198362_866690019_n-75x75.jpg 75w, http:\/\/www.ourchoys.pl\/wp-content\/uploads\/2015\/12\/11349167_672661076198362_866690019_n-210x210.jpg 210w, http:\/\/www.ourchoys.pl\/wp-content\/uploads\/2015\/12\/11349167_672661076198362_866690019_n-620x620.jpg 620w, http:\/\/www.ourchoys.pl\/wp-content\/uploads\/2015\/12\/11349167_672661076198362_866690019_n-300x300.jpg 300w\" sizes=\"auto, (max-width: 640px) 100vw, 640px\" \/><\/a><figcaption id=\"caption-attachment-1314\" class=\"wp-caption-text\">Polska komoda, produkowana w\u00a0latach 60.\u00a0Producentem by\u0142y\u00a0Bydgoskie Fabryki Mebli. Projektant nieznany.<\/figcaption><\/figure>\n<figure id=\"attachment_1315\" aria-describedby=\"caption-attachment-1315\" style=\"width: 744px\" class=\"wp-caption aligncenter\"><a href=\"http:\/\/www.wnetrznosci.com\/wp-content\/uploads\/2015\/12\/IMG_6633.png\"><img loading=\"lazy\" decoding=\"async\" class=\"size-medium wp-image-1315\" src=\"http:\/\/www.wnetrznosci.com\/wp-content\/uploads\/2015\/12\/IMG_6633-744x992.png\" alt=\"Fotel typ 300-177. Wyprodukwany w Nowie\u0144skich Fabrykach Mebli. \u0179r\u00f3d\u0142o: http:\/\/www.wonderroom.pl\/\" width=\"744\" height=\"992\" \/><\/a><figcaption id=\"caption-attachment-1315\" class=\"wp-caption-text\">Fotel &#8222;Bunny&#8221; typ 300-177. Produkowany w latach 60-70 m.in.\u00a0w\u00a0Lubuskich\u00a0Fabrykach Mebli. \u0179r\u00f3d\u0142o: http:\/\/www.wonderroom.pl<\/figcaption><\/figure>\n<figure id=\"attachment_1316\" aria-describedby=\"caption-attachment-1316\" style=\"width: 744px\" class=\"wp-caption aligncenter\"><a href=\"http:\/\/www.wnetrznosci.com\/wp-content\/uploads\/2015\/12\/meble-12154510_2201090833.jpg\"><img loading=\"lazy\" decoding=\"async\" class=\"size-medium wp-image-1316\" src=\"http:\/\/www.wnetrznosci.com\/wp-content\/uploads\/2015\/12\/meble-12154510_2201090833-744x495.jpg\" alt=\"Krzes\u0142o projektu Rajmunda Ha\u0142asa, TYP 200-190 B \u0179r\u00f3d\u0142o: http:\/\/www.pakamera.pl\/\" width=\"744\" height=\"495\" \/><\/a><figcaption id=\"caption-attachment-1316\" class=\"wp-caption-text\">Krzes\u0142o projektu Rajmunda Ha\u0142asa, TYP 200-190 B, r\u00f3wnie\u017c lata 1960-70.<br \/>\u0179r\u00f3d\u0142o: http:\/\/www.pakamera.pl<\/figcaption><\/figure>\n<p>&nbsp;<\/p>\n<figure id=\"attachment_1317\" aria-describedby=\"caption-attachment-1317\" style=\"width: 744px\" class=\"wp-caption aligncenter\"><a href=\"http:\/\/www.wnetrznosci.com\/wp-content\/uploads\/2015\/12\/file_3a62e1dd0387e216321227f26cae084b.jpg\"><img loading=\"lazy\" decoding=\"async\" class=\"size-medium wp-image-1317\" src=\"http:\/\/www.wnetrznosci.com\/wp-content\/uploads\/2015\/12\/file_3a62e1dd0387e216321227f26cae084b-744x897.jpg\" alt=\"Fotel tapicerowany, typ: GFM-142 \u0179r\u00f3d\u0142o: Dobra Robota Design\" width=\"744\" height=\"897\" \/><\/a><figcaption id=\"caption-attachment-1317\" class=\"wp-caption-text\">Fotel tapicerowany projektu Edmunda Homy, typ: GFM-142, \u00a0produkowany w latach siedemdziesi\u0105tych. \u0179r\u00f3d\u0142o: Dobra Robota Design<\/figcaption><\/figure>\n<p>&nbsp;<\/p>\n<p>C.D.N.<\/p>\n","protected":false},"excerpt":{"rendered":"<p>To ju\u017c trzecia\u00a0ods\u0142ona naszej co dwutygodniowej serii legend mebli z epoki PRL-u. W tym tygodniu nie zabrak\u0142o klasyki od Pana Rajmunda Ha\u0142asa jak i r\u00f3wnie\u017c pojawi\u0142a si\u0119 do\u015b\u0107 nietypowa, ale zarazem bardzo oryginalna komoda z miejscem na winyle sprzedawana niedawno przez Sylwi\u0119 Biegaj. Przypominamy r\u00f3wnie\u017c, \u017ce\u00a0je\u017celi\u00a0posiadacie\u00a0wi\u0119cej propozycji lub informacji na temat danych mebli \u2013 np. projektant &#8211; podajemy\u00a0naszego maila: wnetrznoscilodz@gmail.com oraz zach\u0119camy do komentowania.<\/p>\n","protected":false},"author":1,"featured_media":5460,"comment_status":"open","ping_status":"open","sticky":false,"template":"","format":"gallery","meta":{"_acf_changed":false,"footnotes":""},"categories":[12],"tags":[160,63,5,47,161,23,171],"class_list":["post-1309","post","type-post","status-publish","format-gallery","has-post-thumbnail","hentry","category-wnetrze","tag-legendy","tag-meble","tag-polska","tag-prl","tag-prl-u","tag-retro","tag-vintage","post_format-post-format-gallery"],"acf":[],"_links":{"self":[{"href":"http:\/\/www.ourchoys.pl\/index.php\/wp-json\/wp\/v2\/posts\/1309","targetHints":{"allow":["GET"]}}],"collection":[{"href":"http:\/\/www.ourchoys.pl\/index.php\/wp-json\/wp\/v2\/posts"}],"about":[{"href":"http:\/\/www.ourchoys.pl\/index.php\/wp-json\/wp\/v2\/types\/post"}],"author":[{"embeddable":true,"href":"http:\/\/www.ourchoys.pl\/index.php\/wp-json\/wp\/v2\/users\/1"}],"replies":[{"embeddable":true,"href":"http:\/\/www.ourchoys.pl\/index.php\/wp-json\/wp\/v2\/comments?post=1309"}],"version-history":[{"count":5,"href":"http:\/\/www.ourchoys.pl\/index.php\/wp-json\/wp\/v2\/posts\/1309\/revisions"}],"predecessor-version":[{"id":1333,"href":"http:\/\/www.ourchoys.pl\/index.php\/wp-json\/wp\/v2\/posts\/1309\/revisions\/1333"}],"wp:featuredmedia":[{"embeddable":true,"href":"http:\/\/www.ourchoys.pl\/index.php\/wp-json\/wp\/v2\/media\/5460"}],"wp:attachment":[{"href":"http:\/\/www.ourchoys.pl\/index.php\/wp-json\/wp\/v2\/media?parent=1309"}],"wp:term":[{"taxonomy":"category","embeddable":true,"href":"http:\/\/www.ourchoys.pl\/index.php\/wp-json\/wp\/v2\/categories?post=1309"},{"taxonomy":"post_tag","embeddable":true,"href":"http:\/\/www.ourchoys.pl\/index.php\/wp-json\/wp\/v2\/tags?post=1309"}],"curies":[{"name":"wp","href":"https:\/\/api.w.org\/{rel}","templated":true}]}}