{"id":2216,"date":"2016-08-09T18:13:47","date_gmt":"2016-08-09T16:13:47","guid":{"rendered":"http:\/\/www.wnetrznosci.com\/?p=2216"},"modified":"2016-09-06T09:56:21","modified_gmt":"2016-09-06T07:56:21","slug":"black-white","status":"publish","type":"post","link":"http:\/\/www.ourchoys.pl\/index.php\/black-white\/","title":{"rendered":"Black &#038; white"},"content":{"rendered":"<p>Czer\u0144 i biel to kolory, kt\u00f3re nigdy nie wyjd\u0105 z mody. Przedstawiamy Wam kolejne mieszkanie ze Skandynawii, kt\u00f3re jednak odbiega nieco od &#8222;szablonu&#8221; tamtejszych mieszka\u0144, ma w sobie co\u015b, co potrafi zaskoczy\u0107.<\/p>\n<p><img loading=\"lazy\" decoding=\"async\" class=\"aligncenter size-medium wp-image-2219\" src=\"http:\/\/www.wnetrznosci.com\/wp-content\/uploads\/2016\/07\/mieszkanie_inspiracja03-744x496.jpg\" alt=\"mieszkanie_inspiracja03\" width=\"744\" height=\"496\" \/><\/p>\n<p><!--more--><\/p>\n<p>Bez zb\u0119dnego rozpisywania si\u0119 nad ka\u017cdym z pomieszcze\u0144 skupcie si\u0119 na zdj\u0119ciach (to co ka\u017cdy lubi najbardziej \ud83d\ude09 ),\u00a0<strong>przyjrzyjcie si\u0119 im bli\u017cej <\/strong>i poszukajcie\u00a0<strong>detali<\/strong>\u00a0&#8211; (podpowiemy kilka, na kt\u00f3re my zwr\u00f3cili\u015bmy uwag\u0119 &#8211; betonowy blat, drewniana listwa pod szafkami kuchennymi czy chocia\u017cby lustro ulokowane na prawie ca\u0142ej \u015bcianie, co w skandynawskich wn\u0119trzach si\u0119 raczej nie zdarza).<\/p>\n<p>Zaskoczy\u0142a nas r\u00f3wnie\u017c \u0142azienka. Zauwa\u017cyli\u015bcie, \u017ce w tamtych rejonach przewa\u017cnie\u00a0nie przykuwaj\u0105 uwagi do \u0142azienek? Cz\u0119sto s\u0105 po prostu bardzo proste, z instalacj\u0105 wodn\u0105\u00a0na wierzchu. Tutaj mamy mi\u0142e zaskoczenie&#8230;<\/p>\n<p>i to szklane okienko mi\u0119dzy sypialn\u0105, a \u0142azienk\u0105 &lt;3 Zobaczcie sami!<\/p>\n<p><a href=\"http:\/\/www.wnetrznosci.com\/index.php\/black-white\/model\/\" rel=\"attachment wp-att-2217\"><br \/>\n<\/a> <a href=\"http:\/\/www.wnetrznosci.com\/index.php\/black-white\/mieszkanie_inspiracja02\/\" rel=\"attachment wp-att-2218\"><img loading=\"lazy\" decoding=\"async\" class=\"aligncenter size-medium wp-image-2218\" src=\"http:\/\/www.wnetrznosci.com\/wp-content\/uploads\/2016\/07\/mieszkanie_inspiracja02-744x496.jpg\" alt=\"mieszkanie_inspiracja02\" width=\"744\" height=\"496\" \/><\/a> <a href=\"http:\/\/www.wnetrznosci.com\/index.php\/black-white\/mieszkanie_inspiracja03\/\" rel=\"attachment wp-att-2219\"><br \/>\n<img loading=\"lazy\" decoding=\"async\" class=\"aligncenter size-medium wp-image-2222\" src=\"http:\/\/www.wnetrznosci.com\/wp-content\/uploads\/2016\/07\/mieszkanie_inspiracja06-744x496.jpg\" alt=\"mieszkanie_inspiracja06\" width=\"744\" height=\"496\" \/><\/a> <a href=\"http:\/\/www.wnetrznosci.com\/index.php\/black-white\/mieszkanie_inspiracja04\/\" rel=\"attachment wp-att-2220\"><img loading=\"lazy\" decoding=\"async\" class=\"aligncenter size-medium wp-image-2220\" src=\"http:\/\/www.wnetrznosci.com\/wp-content\/uploads\/2016\/07\/mieszkanie_inspiracja04-744x496.jpg\" alt=\"mieszkanie_inspiracja04\" width=\"744\" height=\"496\" \/><\/a> <a href=\"http:\/\/www.wnetrznosci.com\/index.php\/black-white\/mieszkanie_inspiracja05\/\" rel=\"attachment wp-att-2221\"><img loading=\"lazy\" decoding=\"async\" class=\"aligncenter size-medium wp-image-2221\" src=\"http:\/\/www.wnetrznosci.com\/wp-content\/uploads\/2016\/07\/mieszkanie_inspiracja05-744x1116.jpg\" alt=\"mieszkanie_inspiracja05\" width=\"744\" height=\"1116\" \/><\/a> <a href=\"http:\/\/www.wnetrznosci.com\/index.php\/black-white\/mieszkanie_inspiracja06\/\" rel=\"attachment wp-att-2222\"><br \/>\n<\/a> <a href=\"http:\/\/www.wnetrznosci.com\/index.php\/black-white\/mieszkanie_inspiracja07\/\" rel=\"attachment wp-att-2223\"><img loading=\"lazy\" decoding=\"async\" class=\"aligncenter size-medium wp-image-2223\" src=\"http:\/\/www.wnetrznosci.com\/wp-content\/uploads\/2016\/07\/mieszkanie_inspiracja07-744x496.jpg\" alt=\"mieszkanie_inspiracja07\" width=\"744\" height=\"496\" \/><\/a> <a href=\"http:\/\/www.wnetrznosci.com\/index.php\/black-white\/mieszkanie_inspiracja08\/\" rel=\"attachment wp-att-2224\"><img loading=\"lazy\" decoding=\"async\" class=\"aligncenter size-medium wp-image-2224\" src=\"http:\/\/www.wnetrznosci.com\/wp-content\/uploads\/2016\/07\/mieszkanie_inspiracja08-744x496.jpg\" alt=\"mieszkanie_inspiracja08\" width=\"744\" height=\"496\" \/><\/a> <a href=\"http:\/\/www.wnetrznosci.com\/index.php\/black-white\/mieszkanie_inspiracja09\/\" rel=\"attachment wp-att-2225\"><img loading=\"lazy\" decoding=\"async\" class=\"aligncenter size-medium wp-image-2225\" src=\"http:\/\/www.wnetrznosci.com\/wp-content\/uploads\/2016\/07\/mieszkanie_inspiracja09-744x496.jpg\" alt=\"mieszkanie_inspiracja09\" width=\"744\" height=\"496\" \/><\/a> <a href=\"http:\/\/www.wnetrznosci.com\/index.php\/black-white\/mieszkanie_inspiracja10\/\" rel=\"attachment wp-att-2226\"><img loading=\"lazy\" decoding=\"async\" class=\"aligncenter size-medium wp-image-2226\" src=\"http:\/\/www.wnetrznosci.com\/wp-content\/uploads\/2016\/07\/mieszkanie_inspiracja10-744x496.jpg\" alt=\"mieszkanie_inspiracja10\" width=\"744\" height=\"496\" \/><\/a> <a href=\"http:\/\/www.wnetrznosci.com\/index.php\/black-white\/mieszkanie_inspiracja11\/\" rel=\"attachment wp-att-2227\"><img loading=\"lazy\" decoding=\"async\" class=\"aligncenter size-medium wp-image-2227\" src=\"http:\/\/www.wnetrznosci.com\/wp-content\/uploads\/2016\/07\/mieszkanie_inspiracja11-744x496.jpg\" alt=\"mieszkanie_inspiracja11\" width=\"744\" height=\"496\" \/><\/a> <a href=\"http:\/\/www.wnetrznosci.com\/index.php\/black-white\/mieszkanie_inspiracja12\/\" rel=\"attachment wp-att-2228\"><img loading=\"lazy\" decoding=\"async\" class=\"aligncenter size-medium wp-image-2228\" src=\"http:\/\/www.wnetrznosci.com\/wp-content\/uploads\/2016\/07\/mieszkanie_inspiracja12-744x496.jpg\" alt=\"mieszkanie_inspiracja12\" width=\"744\" height=\"496\" \/><\/a> <a href=\"http:\/\/www.wnetrznosci.com\/index.php\/black-white\/mieszkanie_inspiracja13\/\" rel=\"attachment wp-att-2229\"><img loading=\"lazy\" decoding=\"async\" class=\"aligncenter size-medium wp-image-2229\" src=\"http:\/\/www.wnetrznosci.com\/wp-content\/uploads\/2016\/07\/mieszkanie_inspiracja13-744x1116.jpg\" alt=\"mieszkanie_inspiracja13\" width=\"744\" height=\"1116\" \/><\/a> <a href=\"http:\/\/www.wnetrznosci.com\/index.php\/black-white\/mieszkanie_inspiracja14\/\" rel=\"attachment wp-att-2230\"><img loading=\"lazy\" decoding=\"async\" class=\"aligncenter size-medium wp-image-2230\" src=\"http:\/\/www.wnetrznosci.com\/wp-content\/uploads\/2016\/07\/mieszkanie_inspiracja14-744x1116.jpg\" alt=\"mieszkanie_inspiracja14\" width=\"744\" height=\"1116\" \/><\/a> <a href=\"http:\/\/www.wnetrznosci.com\/index.php\/black-white\/mieszkanie_inspiracja15\/\" rel=\"attachment wp-att-2231\"><img loading=\"lazy\" decoding=\"async\" class=\"aligncenter size-medium wp-image-2231\" src=\"http:\/\/www.wnetrznosci.com\/wp-content\/uploads\/2016\/07\/mieszkanie_inspiracja15-744x496.jpg\" alt=\"mieszkanie_inspiracja15\" width=\"744\" height=\"496\" \/><\/a> <a href=\"http:\/\/www.wnetrznosci.com\/index.php\/black-white\/mieszkanie_inspiracja16\/\" rel=\"attachment wp-att-2232\"><img loading=\"lazy\" decoding=\"async\" class=\"aligncenter size-medium wp-image-2232\" src=\"http:\/\/www.wnetrznosci.com\/wp-content\/uploads\/2016\/07\/mieszkanie_inspiracja16-744x496.jpg\" alt=\"mieszkanie_inspiracja16\" width=\"744\" height=\"496\" \/><\/a> <a href=\"http:\/\/www.wnetrznosci.com\/index.php\/black-white\/mieszkanie_inspiracja17\/\" rel=\"attachment wp-att-2233\"><img loading=\"lazy\" decoding=\"async\" class=\"aligncenter size-medium wp-image-2233\" src=\"http:\/\/www.wnetrznosci.com\/wp-content\/uploads\/2016\/07\/mieszkanie_inspiracja17-744x496.jpg\" alt=\"mieszkanie_inspiracja17\" width=\"744\" height=\"496\" \/><\/a><a href=\"http:\/\/www.wnetrznosci.com\/index.php\/black-white\/mieszkanie_inspiracja18-2\/\" rel=\"attachment wp-att-2323\"><img loading=\"lazy\" decoding=\"async\" class=\"aligncenter size-medium wp-image-2323\" src=\"http:\/\/www.wnetrznosci.com\/wp-content\/uploads\/2016\/08\/mieszkanie_inspiracja18-744x496.jpg\" alt=\"mieszkanie_inspiracja18\" width=\"744\" height=\"496\" \/><\/a> <a href=\"http:\/\/www.wnetrznosci.com\/index.php\/black-white\/mieszkanie_inspiracja19\/\" rel=\"attachment wp-att-2235\"><img loading=\"lazy\" decoding=\"async\" class=\"aligncenter size-medium wp-image-2235\" src=\"http:\/\/www.wnetrznosci.com\/wp-content\/uploads\/2016\/07\/mieszkanie_inspiracja19-744x496.jpg\" alt=\"mieszkanie_inspiracja19\" width=\"744\" height=\"496\" \/><\/a> <a href=\"http:\/\/www.wnetrznosci.com\/index.php\/black-white\/mieszkanie_inspiracja20\/\" rel=\"attachment wp-att-2236\"><img loading=\"lazy\" decoding=\"async\" class=\"aligncenter size-medium wp-image-2236\" src=\"http:\/\/www.wnetrznosci.com\/wp-content\/uploads\/2016\/07\/mieszkanie_inspiracja20-744x1116.jpg\" alt=\"mieszkanie_inspiracja20\" width=\"744\" height=\"1116\" \/><\/a>Rozk\u0142ad mieszkania te\u017c zas\u0142uguje na uwag\u0119. Nie mamy tutaj otwartej kuchni na salon, jednak jest do niej bezpo\u015brednie wej\u015bcie zar\u00f3wno z salonu jak i przedpokoju.<\/p>\n<p>\u0141azienka tak\u017ce ma dwa wej\u015bcia &#8211; od salonu oraz od sypialni, co wed\u0142ug nas jest bardzo wygodnym rozwi\u0105zaniem \ud83d\ude09\u00a0<a href=\"http:\/\/www.wnetrznosci.com\/index.php\/black-white\/mieszkanie_inspiracja20\/\" rel=\"attachment wp-att-2236\"><img loading=\"lazy\" decoding=\"async\" class=\"aligncenter size-medium wp-image-2217\" src=\"http:\/\/www.wnetrznosci.com\/wp-content\/uploads\/2016\/07\/mieszkanie_inspiracja01-744x1157.jpg\" alt=\"Model\" width=\"744\" height=\"1157\" \/><\/a><\/p>\n<p>\u0179r\u00f3d\u0142o: alexanderwhite.se<\/p>\n","protected":false},"excerpt":{"rendered":"<p>Czer\u0144 i biel to kolory, kt\u00f3re nigdy nie wyjd\u0105 z mody. Przedstawiamy Wam kolejne mieszkanie ze Skandynawii, kt\u00f3re jednak odbiega nieco od &#8222;szablonu&#8221; tamtejszych mieszka\u0144, ma w sobie co\u015b, co potrafi zaskoczy\u0107.<\/p>\n","protected":false},"author":1,"featured_media":2219,"comment_status":"open","ping_status":"open","sticky":false,"template":"","format":"gallery","meta":{"_acf_changed":false,"footnotes":""},"categories":[12],"tags":[307,306,190,308,51,284,244,309],"class_list":["post-2216","post","type-post","status-publish","format-gallery","has-post-thumbnail","hentry","category-wnetrze","tag-home","tag-inspiracja","tag-marmur","tag-podloga-sosnowa","tag-salon","tag-skandynawskie","tag-sypialnia","tag-thonet","post_format-post-format-gallery"],"acf":[],"_links":{"self":[{"href":"http:\/\/www.ourchoys.pl\/index.php\/wp-json\/wp\/v2\/posts\/2216","targetHints":{"allow":["GET"]}}],"collection":[{"href":"http:\/\/www.ourchoys.pl\/index.php\/wp-json\/wp\/v2\/posts"}],"about":[{"href":"http:\/\/www.ourchoys.pl\/index.php\/wp-json\/wp\/v2\/types\/post"}],"author":[{"embeddable":true,"href":"http:\/\/www.ourchoys.pl\/index.php\/wp-json\/wp\/v2\/users\/1"}],"replies":[{"embeddable":true,"href":"http:\/\/www.ourchoys.pl\/index.php\/wp-json\/wp\/v2\/comments?post=2216"}],"version-history":[{"count":4,"href":"http:\/\/www.ourchoys.pl\/index.php\/wp-json\/wp\/v2\/posts\/2216\/revisions"}],"predecessor-version":[{"id":2326,"href":"http:\/\/www.ourchoys.pl\/index.php\/wp-json\/wp\/v2\/posts\/2216\/revisions\/2326"}],"wp:featuredmedia":[{"embeddable":true,"href":"http:\/\/www.ourchoys.pl\/index.php\/wp-json\/wp\/v2\/media\/2219"}],"wp:attachment":[{"href":"http:\/\/www.ourchoys.pl\/index.php\/wp-json\/wp\/v2\/media?parent=2216"}],"wp:term":[{"taxonomy":"category","embeddable":true,"href":"http:\/\/www.ourchoys.pl\/index.php\/wp-json\/wp\/v2\/categories?post=2216"},{"taxonomy":"post_tag","embeddable":true,"href":"http:\/\/www.ourchoys.pl\/index.php\/wp-json\/wp\/v2\/tags?post=2216"}],"curies":[{"name":"wp","href":"https:\/\/api.w.org\/{rel}","templated":true}]}}