{"id":2378,"date":"2016-08-18T20:36:48","date_gmt":"2016-08-18T18:36:48","guid":{"rendered":"http:\/\/www.wnetrznosci.com\/?p=2378"},"modified":"2017-05-28T11:59:56","modified_gmt":"2017-05-28T09:59:56","slug":"projekt-mieszkanie-cz-2","status":"publish","type":"post","link":"http:\/\/www.ourchoys.pl\/index.php\/projekt-mieszkanie-cz-2\/","title":{"rendered":"Projekt Mieszkanie cz.2"},"content":{"rendered":"<p class=\"p1\"><span class=\"s1\">Kolejny tydzie\u0144 za pasem. Pracy by\u0142o tyle, \u017ce nawet nie by\u0142o kiedy robi\u0107 zdj\u0119\u0107. Musicie nam to wybaczy\u0107 i prze\u017cy\u0107 bez ich zastraszaj\u0105cej ilo\u015bci \ud83d\ude09 W zamian b\u0119d\u0105 konkretne. <\/span><span class=\"s1\">Po uko\u0144czeniu pod\u0142\u00f3g pokryli\u015bmy \u015bciany w salonie kolejn\u0105, finaln\u0105 ju\u017c warstw\u0105 farby.<a href=\"http:\/\/www.wnetrznosci.com\/index.php\/projekt-mieszkanie-cz-2\/projekt02\/\" rel=\"attachment wp-att-2379\"><img loading=\"lazy\" decoding=\"async\" class=\"aligncenter size-medium wp-image-2379\" src=\"http:\/\/www.wnetrznosci.com\/wp-content\/uploads\/2016\/08\/projekt02-744x497.jpg\" alt=\"projekt mieszkanie 02\" width=\"744\" height=\"497\" \/><\/a><\/span><\/p>\n<p class=\"p1\"><!--more--><\/p>\n<p class=\"p1\"><span class=\"s1\">Po wyschni\u0119ciu zabrali\u015bmy si\u0119 za meblowanie naszego kr\u00f3lestwa. Komod\u0119 ju\u017c doskonale znacie, nie mogli\u015bmy si\u0119 jej pozby\u0107, mamy do niej zbyt du\u017cy sentyment. Nowa natomiast jest sofa. Zdecydowali\u015bmy si\u0119 na nierozk\u0142adan\u0105, bowiem s\u0105 one o niebo wygodniejsze od tych rozk\u0142adanych. Postawili\u015bmy na biel, jednak jak na Ike\u0119 przysta\u0142o pokrycia mo\u017cna zmienia\u0107 \ud83d\ude09<\/span><\/p>\n<p class=\"p1\">Bardzo wa\u017cny i bliskim naszym serduchom jest fotel, kt\u00f3ry do odnowienia oddali\u015bmy w najlepsze r\u0119ce, czyli do Asi\u00a0z <a href=\"https:\/\/web.facebook.com\/Jest-Dobrze-1519822008274573\/?fref=ts\" target=\"_blank\">Jest Dobrze<\/a>. W nowej ods\u0142onie prezentuje si\u0119 cudownie, a co najwa\u017cniejsze &#8211; jest bardzo wygodny.\u00a0<a href=\"http:\/\/www.wnetrznosci.com\/index.php\/projekt-mieszkanie-cz-2\/13442429_1723982937858478_5845705570293776367_o\/\" rel=\"attachment wp-att-2383\"><img loading=\"lazy\" decoding=\"async\" class=\"aligncenter size-medium wp-image-2383\" src=\"http:\/\/www.wnetrznosci.com\/wp-content\/uploads\/2016\/08\/13442429_1723982937858478_5845705570293776367_o-744x1033.jpg\" alt=\"Retro fotel\" width=\"744\" height=\"1033\" \/><\/a><\/p>\n<p class=\"p1\"><span class=\"s1\">Do nowej kanapy do\u0142\u0105czy\u0142 tak\u017ce stolik kawowy tzw. Jamnik. Nasz egzemplarz mia\u0142 niestety bardzo zniszczony blat, musieli\u015bmy u\u017cy\u0107 szpachli i nast\u0119pnie j\u0105 zamalowa\u0107. Reszt\u0119 zostawili\u015bmy w oryginale, dodaj\u0105c jedynie z\u0142ote \u201eskarpetki\u201d.<\/span><\/p>\n<p class=\"p1\"><img loading=\"lazy\" decoding=\"async\" class=\"aligncenter size-medium wp-image-2380\" src=\"http:\/\/www.wnetrznosci.com\/wp-content\/uploads\/2016\/08\/DSC_2316m-744x1116.jpg\" alt=\"DSC_2316m\" width=\"744\" height=\"1116\" \/><\/p>\n<p class=\"p1\"><span class=\"s1\">Poniewa\u017c lubimy spotkania ze znajomymi nie zrezygnowali\u015bmy ze sto\u0142u, kt\u00f3ry r\u00f3wnie\u017c zmie\u015bci\u0142 si\u0119 w salonie w otoczeniu thonet\u00f3w. Dw\u00f3ch jeszcze brakuje, ale w nast\u0119pnej cz\u0119\u015bci powinny ju\u017c si\u0119 pojawi\u0107 \ud83d\ude09\u00a0<\/span><\/p>\n<p class=\"p1\"><span class=\"s1\"><a href=\"http:\/\/www.wnetrznosci.com\/index.php\/projekt-mieszkanie-cz-2\/dsc_2401\/\" rel=\"attachment wp-att-2382\"><img loading=\"lazy\" decoding=\"async\" class=\"aligncenter size-medium wp-image-2382\" src=\"http:\/\/www.wnetrznosci.com\/wp-content\/uploads\/2016\/08\/DSC_2401-744x1116.jpg\" alt=\"salon st\u00f3\u0142\" width=\"744\" height=\"1116\" \/><\/a><\/span><\/p>\n<p class=\"p1\"><img loading=\"lazy\" decoding=\"async\" class=\"aligncenter size-medium wp-image-2381\" src=\"http:\/\/www.wnetrznosci.com\/wp-content\/uploads\/2016\/08\/DSC_2319-744x496.jpg\" alt=\"DSC_2319\" width=\"744\" height=\"496\" \/><\/p>\n<p class=\"p1\">W poprzednim mieszkaniu\u00a0printy wygl\u0105da\u0142y tak:\u00a0<a href=\"http:\/\/www.wnetrznosci.com\/index.php\/sciana-sztuki\/\" target=\"_blank\">\u015aciana Sztuki<\/a><\/p>\n<p class=\"p1\"><span class=\"s1\">Bez dodatk\u00f3w te\u017c si\u0119 nie oby\u0142o, cho\u0107 jeszcze nie wszystkie s\u0105 na swoim miejscu. Od d\u0142u\u017cszego czasu nosili\u015bmy si\u0119 z zamiarem kupna lampy, kt\u00f3r\u0105 podpatrywali\u015bmy na zaprzyja\u017anionych blogach &#8211; mowa o lampie Sticks od Novodworski&#8217;ego. Teraz wisi ju\u017c nad sto\u0142em i cieszy oczy. Namordowali\u015bmy si\u0119 te\u017c przy tworzeniu uk\u0142adu ram z grafikami. Chcieli\u015bmy, by telewizor wtopi\u0142 si\u0119 nieco w reszt\u0119, nie przykuwaj\u0105c zbytnio uwagi. Wed\u0142ug nas cel osi\u0105gni\u0119ty \ud83d\ude42\u00a0<\/span><\/p>\n<p class=\"p1\"><span class=\"s1\">Brakuje oczywi\u015bcie jeszcze kilku detali, bez kt\u00f3rych wn\u0119trze nie mia\u0142oby tego czego\u015b. Na dniach b\u0119dziemy montowa\u0107 listwy przypod\u0142ogowe, brakuj\u0105ce plakaty i\u00a0musimy upolowa\u0107\u00a0zas\u0142ony.<\/span><\/p>\n<p class=\"p1\"><span class=\"s1\">W mi\u0119dzyczasie zajmujemy si\u0119 malowaniem sypialni. Mo\u017cemy Wam zdradzi\u0107, \u017ce jedna \u015bciana b\u0119dzie w modnym ostatnio kolorze, kt\u00f3ry wybrali\u015bmy z palety <a href=\"http:\/\/benjaminmoore.pl\/\" target=\"_blank\">Benjamin Moore<\/a>. Ju\u017c nie mo\u017cemy si\u0119 doczeka\u0107 efekt\u00f3w! \ud83d\ude42\u00a0<\/span><\/p>\n","protected":false},"excerpt":{"rendered":"<p>Kolejny tydzie\u0144 za pasem. Pracy by\u0142o tyle, \u017ce nawet nie by\u0142o kiedy robi\u0107 zdj\u0119\u0107. Musicie nam to wybaczy\u0107 i prze\u017cy\u0107 bez ich zastraszaj\u0105cej ilo\u015bci \ud83d\ude09 W zamian b\u0119d\u0105 konkretne. Po uko\u0144czeniu pod\u0142\u00f3g pokryli\u015bmy \u015bciany w salonie kolejn\u0105, finaln\u0105 ju\u017c warstw\u0105 farby.<\/p>\n","protected":false},"author":1,"featured_media":2379,"comment_status":"open","ping_status":"open","sticky":false,"template":"","format":"gallery","meta":{"_acf_changed":false,"footnotes":""},"categories":[422,12],"tags":[92,57,58,68,47,310,269,23,325],"class_list":["post-2378","post","type-post","status-publish","format-gallery","has-post-thumbnail","hentry","category-projekt-mieszkanie","category-wnetrze","tag-ikea","tag-lumarte","tag-lumarte-eu","tag-mieszkanie","tag-prl","tag-projekt-mieszkanie","tag-remont","tag-retro","tag-skandynawskie-wnetrze","post_format-post-format-gallery"],"acf":[],"_links":{"self":[{"href":"http:\/\/www.ourchoys.pl\/index.php\/wp-json\/wp\/v2\/posts\/2378","targetHints":{"allow":["GET"]}}],"collection":[{"href":"http:\/\/www.ourchoys.pl\/index.php\/wp-json\/wp\/v2\/posts"}],"about":[{"href":"http:\/\/www.ourchoys.pl\/index.php\/wp-json\/wp\/v2\/types\/post"}],"author":[{"embeddable":true,"href":"http:\/\/www.ourchoys.pl\/index.php\/wp-json\/wp\/v2\/users\/1"}],"replies":[{"embeddable":true,"href":"http:\/\/www.ourchoys.pl\/index.php\/wp-json\/wp\/v2\/comments?post=2378"}],"version-history":[{"count":4,"href":"http:\/\/www.ourchoys.pl\/index.php\/wp-json\/wp\/v2\/posts\/2378\/revisions"}],"predecessor-version":[{"id":2387,"href":"http:\/\/www.ourchoys.pl\/index.php\/wp-json\/wp\/v2\/posts\/2378\/revisions\/2387"}],"wp:featuredmedia":[{"embeddable":true,"href":"http:\/\/www.ourchoys.pl\/index.php\/wp-json\/wp\/v2\/media\/2379"}],"wp:attachment":[{"href":"http:\/\/www.ourchoys.pl\/index.php\/wp-json\/wp\/v2\/media?parent=2378"}],"wp:term":[{"taxonomy":"category","embeddable":true,"href":"http:\/\/www.ourchoys.pl\/index.php\/wp-json\/wp\/v2\/categories?post=2378"},{"taxonomy":"post_tag","embeddable":true,"href":"http:\/\/www.ourchoys.pl\/index.php\/wp-json\/wp\/v2\/tags?post=2378"}],"curies":[{"name":"wp","href":"https:\/\/api.w.org\/{rel}","templated":true}]}}