{"id":5565,"date":"2019-05-12T17:16:58","date_gmt":"2019-05-12T15:16:58","guid":{"rendered":"http:\/\/www.wnetrznosci.com\/?p=5565"},"modified":"2019-12-16T11:27:10","modified_gmt":"2019-12-16T10:27:10","slug":"przewodnik-como","status":"publish","type":"post","link":"http:\/\/www.ourchoys.pl\/index.php\/przewodnik-como\/","title":{"rendered":"Gdzie jecha\u0107 nie wiadomo? Mo\u017ce do Como?"},"content":{"rendered":"<p>Jezioro, Alpy, okiennice, zielone drzwi, pyszna pizza i kawa na ka\u017cdym kroku, je\u015bli w\u0142a\u015bnie si\u0119 rozmarzyli\u015bcie na my\u015bl o tym zestawieniu to Como jest kierunkiem obowi\u0105zkowym do odwiedzenia. My pojechali\u015bmy do W\u0142och w drugim tygodniu kwietnia. Przedstawimy Wam opcje przelotu, noclegu, wskaz\u00f3wki gdzie zje\u015b\u0107 i co zobaczy\u0107 w tym pi\u0119knym miejscu w bliskim s\u0105siedztwie Bergamo.<\/p>\n<p><img loading=\"lazy\" decoding=\"async\" class=\"aligncenter size-large wp-image-5572\" src=\"http:\/\/www.wnetrznosci.com\/wp-content\/uploads\/2019\/05\/DSC_0763-930x620.jpg\" alt=\"\" width=\"790\" height=\"527\" srcset=\"http:\/\/www.ourchoys.pl\/wp-content\/uploads\/2019\/05\/DSC_0763-930x620.jpg 930w, http:\/\/www.ourchoys.pl\/wp-content\/uploads\/2019\/05\/DSC_0763-640x427.jpg 640w, http:\/\/www.ourchoys.pl\/wp-content\/uploads\/2019\/05\/DSC_0763-750x500.jpg 750w, http:\/\/www.ourchoys.pl\/wp-content\/uploads\/2019\/05\/DSC_0763-555x369.jpg 555w, http:\/\/www.ourchoys.pl\/wp-content\/uploads\/2019\/05\/DSC_0763-75x50.jpg 75w, http:\/\/www.ourchoys.pl\/wp-content\/uploads\/2019\/05\/DSC_0763-300x200.jpg 300w, http:\/\/www.ourchoys.pl\/wp-content\/uploads\/2019\/05\/DSC_0763-768x512.jpg 768w\" sizes=\"auto, (max-width: 790px) 100vw, 790px\" \/><\/p>\n<p><img loading=\"lazy\" decoding=\"async\" class=\"aligncenter size-large wp-image-5566\" src=\"http:\/\/www.wnetrznosci.com\/wp-content\/uploads\/2019\/05\/IMG_8820m2-990x325.jpg\" alt=\"\" width=\"790\" height=\"259\" srcset=\"http:\/\/www.ourchoys.pl\/wp-content\/uploads\/2019\/05\/IMG_8820m2-990x325.jpg 990w, http:\/\/www.ourchoys.pl\/wp-content\/uploads\/2019\/05\/IMG_8820m2-75x25.jpg 75w, http:\/\/www.ourchoys.pl\/wp-content\/uploads\/2019\/05\/IMG_8820m2-300x98.jpg 300w, http:\/\/www.ourchoys.pl\/wp-content\/uploads\/2019\/05\/IMG_8820m2-768x252.jpg 768w, http:\/\/www.ourchoys.pl\/wp-content\/uploads\/2019\/05\/IMG_8820m2.jpg 2000w\" sizes=\"auto, (max-width: 790px) 100vw, 790px\" \/><\/p>\n<p style=\"text-align: center;\"><strong>Lot &#8211; bilety<\/strong><\/p>\n<p>Zacznijmy od tego, jak si\u0119 tutaj dostali\u015bmy, czyli od lotu. Bilety kupili\u015bmy w styczniu cenie ok 700 pln za dwie osoby w obie strony, z rezerwacj\u0105 miejsc i dwoma dodatkowymi baga\u017cami rejestrowanymi po 20 kg ka\u017cdy (Ryanair). Cena wyda\u0142a nam si\u0119 bardzo atrakcyjna. Regularnie sprawdzamy i cz\u0119sto mo\u017cna upolowa\u0107 podobn\u0105 cen\u0119. Lecieli\u015bmy z Poznania do Bergamo. Wybrali\u015bmy Pozna\u0144 ze wzgl\u0119du na ni\u017csz\u0105 kwot\u0119 o ok. 250 pln ni\u017c z Wawy, a dodatkowo godziny przylotu i odlotu nam bardziej odpowiada\u0142y. Samo lotnisko w Poznaniu jest do\u015b\u0107 ma\u0142e, wi\u0119c nie wybierajcie si\u0119 tam za wcze\u015bnie, poniewa\u017c zwyczajnie si\u0119 zanudzicie. Je\u015bli poruszacie si\u0119 samochodem to tygodniowy parking przy lotnisku to koszt 49 z\u0142, wi\u0119c \u017caden maj\u0105tek. Za parking p\u0142acimy przy wyje\u017adzie w biletomacie. Na nasze nieszcz\u0119\u015bcie po powrocie by\u0142 zepsuty, ale okaza\u0142o si\u0119, \u017ce jest jeszcze jeden, wi\u0119c wystarczy\u0142o wr\u00f3ci\u0107 pod terminal i op\u0142aci\u0107 tam bilet.<\/p>\n<p style=\"text-align: center;\"><strong>Wynajem auta we W\u0142oszech<\/strong><\/p>\n<p>Wynajem auta jest bardzo atrakcyjny cenowo w Bergamo (w naszym odczuciu). Z racji na nocleg w Como zdecydowali\u015bmy si\u0119 wynaj\u0105\u0107 cztery k\u00f3\u0142ka, aby m\u00f3c si\u0119 sprawnie porusza\u0107 po okolicach. Samoch\u00f3d zarezerwowali\u015bmy w lutym przez internet (r\u00f3wnie\u017c na stronie Ryanair), ale obserwuj\u0105c ceny od stycznia nie zmienia\u0142y si\u0119 one praktycznie do samego wyjazdu. Najbardziej op\u0142aca\u0142o si\u0119 wynaj\u0105\u0107 auto na ostatni\u0105 chwil\u0119 je\u015bli np. lecimy do Bergamo w lutym, czyli chyba jeszcze przed &#8222;sezonem&#8221; turystycznym. Ceny za dzie\u0144 oscylowa\u0142y wtedy w granicach 4\u20ac dziennie za Citroena C3. My ostatecznie wybrali\u015bmy w\u0142a\u015bnie C3 na pe\u0142ny tydzie\u0144 z ubezpieczeniem w AXA z zabezpieczeniem wk\u0142adu w\u0142asnego w przypadku uszkodzenia, kradzie\u017cy itp., plus dodatkowy kierowca gratis (je\u015bli Wam na tym zale\u017cy, to zwr\u00f3\u0107cie na to uwag\u0119 podczas najmu przez internet &#8211; za t\u0105 dogodno\u015b\u0107 cz\u0119sto trzeba dop\u0142aca\u0107 ok. 10\u20ac dziennie). Pami\u0119tajcie r\u00f3wnie\u017c, \u017ce g\u0142\u00f3wnym kierowc\u0105 jest osoba widniej\u0105ca na karcie kredytowej, kt\u00f3r\u0105 p\u0142acimy (i kt\u00f3r\u0105 musicie posiada\u0107 do wynajmu). Nas ca\u0142o\u015b\u0107 kosztowa\u0142a ok. 370 pln. Skorzystali\u015bmy z wypo\u017cyczalni JoyRent, kt\u00f3r\u0105 mo\u017cemy poleci\u0107 (znajduj\u0105 si\u0119 na lotnisku).<\/p>\n<p style=\"text-align: center;\"><strong>Como<\/strong><\/p>\n<p style=\"text-align: left;\">Miasto po\u0142o\u017cone nad jeziorem Lago Di Como, pochodzenia nazwy zatem t\u0142umaczy\u0107 nie musimy \ud83d\ude42 Typowe pi\u0119kne, w\u0142oskie miasteczko, w kt\u00f3rym dobrze zjemy i nacieszymy oczy star\u0105 architektur\u0105 jak i krajobrazem. Ludno\u015b\u0107 to ok 90 000 os\u00f3b, wi\u0119c nie jest to bardzo ma\u0142a mie\u015bcina. Znajdziemy tu mas\u0119 sklep\u00f3w, restauracji, hipermarket\u00f3w (np. Carrefour czy Esselunga &#8211; my robili\u015bmy zakupy g\u0142\u00f3wnie w Esselundze, ceny s\u0105 tam bardzo przyst\u0119pne i znale\u017a\u0107 mo\u017cna tam wszystko, od pieczywa, po chemi\u0119 czy tanie wino :)) Nie znajdziemy tutaj typowego centrum handlowego, wi\u0119c je\u015bli chcecie zrobi\u0107 ciuchowe zakupy w jednym miejscu, niestety musicie jecha\u0107 do Mediolanu lub do Szwajcarii, kt\u00f3ra jest bardzo blisko &#8211; autem w granicach 20 minut. Autostrada po stronie Szwajcarskiej do miejscowo\u015bci\u00a0Mendrisio jest darmowa, bez obowi\u0105zuj\u0105cej winiety, a w samym Mendrisio znajduje si\u0119 spore centrum handlowe FoxTown, gdzie znajdziecie marki jak D&amp;G, Gucci, Michael Kors, Furla itd itd. Ceny spoko, sprawdzili\u015bmy \ud83d\ude09<\/p>\n<p style=\"text-align: left;\"><strong>Wa\u017cna rzecz &#8211; parkowanie w Como w wi\u0119kszo\u015bci przypadk\u00f3w jest p\u0142atne, r\u00f3wnie\u017c w weekendy!\u00a0<img loading=\"lazy\" decoding=\"async\" class=\"aligncenter size-large wp-image-5591\" src=\"http:\/\/www.wnetrznosci.com\/wp-content\/uploads\/2019\/05\/IMG_8089-kopiam2-933x620.jpg\" alt=\"\" width=\"790\" height=\"525\" srcset=\"http:\/\/www.ourchoys.pl\/wp-content\/uploads\/2019\/05\/IMG_8089-kopiam2-933x620.jpg 933w, http:\/\/www.ourchoys.pl\/wp-content\/uploads\/2019\/05\/IMG_8089-kopiam2-75x50.jpg 75w, http:\/\/www.ourchoys.pl\/wp-content\/uploads\/2019\/05\/IMG_8089-kopiam2-300x199.jpg 300w, http:\/\/www.ourchoys.pl\/wp-content\/uploads\/2019\/05\/IMG_8089-kopiam2-768x510.jpg 768w\" sizes=\"auto, (max-width: 790px) 100vw, 790px\" \/><\/strong><\/p>\n<p><img loading=\"lazy\" decoding=\"async\" class=\"aligncenter size-large wp-image-5578\" src=\"http:\/\/www.wnetrznosci.com\/wp-content\/uploads\/2019\/05\/DSC_0163-930x620.jpg\" alt=\"\" width=\"790\" height=\"527\" srcset=\"http:\/\/www.ourchoys.pl\/wp-content\/uploads\/2019\/05\/DSC_0163-930x620.jpg 930w, http:\/\/www.ourchoys.pl\/wp-content\/uploads\/2019\/05\/DSC_0163-75x50.jpg 75w, http:\/\/www.ourchoys.pl\/wp-content\/uploads\/2019\/05\/DSC_0163-300x200.jpg 300w, http:\/\/www.ourchoys.pl\/wp-content\/uploads\/2019\/05\/DSC_0163-768x512.jpg 768w\" sizes=\"auto, (max-width: 790px) 100vw, 790px\" \/><img loading=\"lazy\" decoding=\"async\" class=\"aligncenter size-large wp-image-5569\" src=\"http:\/\/www.wnetrznosci.com\/wp-content\/uploads\/2019\/05\/IMG_3606-2m2-936x620.jpg\" alt=\"\" width=\"790\" height=\"523\" srcset=\"http:\/\/www.ourchoys.pl\/wp-content\/uploads\/2019\/05\/IMG_3606-2m2-936x620.jpg 936w, http:\/\/www.ourchoys.pl\/wp-content\/uploads\/2019\/05\/IMG_3606-2m2-75x50.jpg 75w, http:\/\/www.ourchoys.pl\/wp-content\/uploads\/2019\/05\/IMG_3606-2m2-300x199.jpg 300w, http:\/\/www.ourchoys.pl\/wp-content\/uploads\/2019\/05\/IMG_3606-2m2-768x509.jpg 768w\" sizes=\"auto, (max-width: 790px) 100vw, 790px\" \/><img loading=\"lazy\" decoding=\"async\" class=\"aligncenter size-large wp-image-5568\" src=\"http:\/\/www.wnetrznosci.com\/wp-content\/uploads\/2019\/05\/IMG_3624m2-940x620.jpg\" alt=\"\" width=\"790\" height=\"521\" srcset=\"http:\/\/www.ourchoys.pl\/wp-content\/uploads\/2019\/05\/IMG_3624m2-940x620.jpg 940w, http:\/\/www.ourchoys.pl\/wp-content\/uploads\/2019\/05\/IMG_3624m2-75x49.jpg 75w, http:\/\/www.ourchoys.pl\/wp-content\/uploads\/2019\/05\/IMG_3624m2-300x198.jpg 300w, http:\/\/www.ourchoys.pl\/wp-content\/uploads\/2019\/05\/IMG_3624m2-768x507.jpg 768w\" sizes=\"auto, (max-width: 790px) 100vw, 790px\" \/><img loading=\"lazy\" decoding=\"async\" class=\"aligncenter size-large wp-image-5592\" src=\"http:\/\/www.wnetrznosci.com\/wp-content\/uploads\/2019\/05\/IMG_8040-kopiam2-937x620.jpg\" alt=\"\" width=\"790\" height=\"523\" srcset=\"http:\/\/www.ourchoys.pl\/wp-content\/uploads\/2019\/05\/IMG_8040-kopiam2-937x620.jpg 937w, http:\/\/www.ourchoys.pl\/wp-content\/uploads\/2019\/05\/IMG_8040-kopiam2-75x50.jpg 75w, http:\/\/www.ourchoys.pl\/wp-content\/uploads\/2019\/05\/IMG_8040-kopiam2-300x199.jpg 300w, http:\/\/www.ourchoys.pl\/wp-content\/uploads\/2019\/05\/IMG_8040-kopiam2-768x508.jpg 768w\" sizes=\"auto, (max-width: 790px) 100vw, 790px\" \/><img loading=\"lazy\" decoding=\"async\" class=\"aligncenter size-large wp-image-5575\" src=\"http:\/\/www.wnetrznosci.com\/wp-content\/uploads\/2019\/05\/IMG_8745-827x620.jpg\" alt=\"\" width=\"790\" height=\"592\" srcset=\"http:\/\/www.ourchoys.pl\/wp-content\/uploads\/2019\/05\/IMG_8745-827x620.jpg 827w, http:\/\/www.ourchoys.pl\/wp-content\/uploads\/2019\/05\/IMG_8745-75x56.jpg 75w, http:\/\/www.ourchoys.pl\/wp-content\/uploads\/2019\/05\/IMG_8745-280x210.jpg 280w, http:\/\/www.ourchoys.pl\/wp-content\/uploads\/2019\/05\/IMG_8745-768x576.jpg 768w, http:\/\/www.ourchoys.pl\/wp-content\/uploads\/2019\/05\/IMG_8745-300x225.jpg 300w\" sizes=\"auto, (max-width: 790px) 100vw, 790px\" \/><img loading=\"lazy\" decoding=\"async\" class=\"aligncenter size-large wp-image-5582\" src=\"http:\/\/www.wnetrznosci.com\/wp-content\/uploads\/2019\/05\/DSC_0740-kopia-829x620.jpg\" alt=\"\" width=\"790\" height=\"591\" srcset=\"http:\/\/www.ourchoys.pl\/wp-content\/uploads\/2019\/05\/DSC_0740-kopia-829x620.jpg 829w, http:\/\/www.ourchoys.pl\/wp-content\/uploads\/2019\/05\/DSC_0740-kopia-75x56.jpg 75w, http:\/\/www.ourchoys.pl\/wp-content\/uploads\/2019\/05\/DSC_0740-kopia-281x210.jpg 281w, http:\/\/www.ourchoys.pl\/wp-content\/uploads\/2019\/05\/DSC_0740-kopia-768x575.jpg 768w, http:\/\/www.ourchoys.pl\/wp-content\/uploads\/2019\/05\/DSC_0740-kopia-300x224.jpg 300w\" sizes=\"auto, (max-width: 790px) 100vw, 790px\" \/><img loading=\"lazy\" decoding=\"async\" class=\"aligncenter size-large wp-image-5574\" src=\"http:\/\/www.wnetrznosci.com\/wp-content\/uploads\/2019\/05\/DSC_0737-930x620.jpg\" alt=\"\" width=\"790\" height=\"527\" srcset=\"http:\/\/www.ourchoys.pl\/wp-content\/uploads\/2019\/05\/DSC_0737-930x620.jpg 930w, http:\/\/www.ourchoys.pl\/wp-content\/uploads\/2019\/05\/DSC_0737-75x50.jpg 75w, http:\/\/www.ourchoys.pl\/wp-content\/uploads\/2019\/05\/DSC_0737-300x200.jpg 300w, http:\/\/www.ourchoys.pl\/wp-content\/uploads\/2019\/05\/DSC_0737-768x512.jpg 768w\" sizes=\"auto, (max-width: 790px) 100vw, 790px\" \/><\/p>\n<p style=\"text-align: center;\"><strong>Nocleg w Como<\/strong><\/p>\n<p>Nocleg r\u00f3wnie\u017c znale\u017ali\u015bmy z wyprzedzeniem w internecie &#8211; oczywi\u015bcie w naszym przypadku przewa\u017cnie szukamy mieszkania przez Airbnb i tak by\u0142o r\u00f3wnie\u017c w tym razem. Pierwotnie chcieli\u015bmy spa\u0107 w Mediolanie, jednak podczas poszukiwa\u0144 w lutym w okresie targ\u00f3w iSaloni wszystkie ciekawe mieszkania by\u0142y ju\u017c zaj\u0119te, a te \u0142adne, kt\u00f3re zosta\u0142y mia\u0142y zaporow\u0105 dla nas cen\u0119. Bior\u0105c pod uwag\u0119 fakt, \u017ce mieli\u015bmy ju\u017c wynaj\u0119ty samoch\u00f3d postanowili\u015bmy pogodzi\u0107 przyjemne z po\u017cytecznym i zdecydowali\u015bmy si\u0119 na nocleg w Como oraz dojazdy do Mediolanu. \u015awietna decyzja, kt\u00f3ra polecamy, je\u015bli chcecie nacieszy\u0107 oczy w Como, nie lubicie przeludnienia, a jednak musicie pojawi\u0107 si\u0119 w Mediolanie. Sama podr\u00f3\u017c do Fiera Milano autem to ok. 40 min w godzinach zmo\u017conego ruchu.<\/p>\n<p>Dobrze, przejd\u017amy w ko\u0144cu do tego noclegu. Zatrzymali\u015bmy si\u0119 przy ulicy Via Milano, prawie w samym centrum Como, gdzie pieszo mogli\u015bmy zwiedza\u0107 pi\u0119kne, w\u0105skie uliczki, oraz p\u00f3j\u015b\u0107 na zakupy, do portu, czy do restauracji. Pieszo r\u00f3wnie\u017c mogli\u015bmy dotrze\u0107 do kolejki linowej, kt\u00f3ra prowadzi do Brunate. Z Brunate mo\u017cecie zobaczy\u0107 panoram\u0119 na Como i okolice, ale o tym wspomnimy za chwil\u0119.<\/p>\n<p>Nasze mieszkanie wygl\u0105da\u0142o tak:<\/p>\n<p><img loading=\"lazy\" decoding=\"async\" class=\"aligncenter size-large wp-image-5607\" src=\"http:\/\/www.wnetrznosci.com\/wp-content\/uploads\/2019\/05\/DSC_0807-840x620.jpg\" alt=\"\" width=\"790\" height=\"583\" srcset=\"http:\/\/www.ourchoys.pl\/wp-content\/uploads\/2019\/05\/DSC_0807-840x620.jpg 840w, http:\/\/www.ourchoys.pl\/wp-content\/uploads\/2019\/05\/DSC_0807-75x55.jpg 75w, http:\/\/www.ourchoys.pl\/wp-content\/uploads\/2019\/05\/DSC_0807-285x210.jpg 285w, http:\/\/www.ourchoys.pl\/wp-content\/uploads\/2019\/05\/DSC_0807-768x567.jpg 768w, http:\/\/www.ourchoys.pl\/wp-content\/uploads\/2019\/05\/DSC_0807-300x221.jpg 300w, http:\/\/www.ourchoys.pl\/wp-content\/uploads\/2019\/05\/DSC_0807.jpg 2000w\" sizes=\"auto, (max-width: 790px) 100vw, 790px\" \/><img loading=\"lazy\" decoding=\"async\" class=\"aligncenter size-large wp-image-5608\" src=\"http:\/\/www.wnetrznosci.com\/wp-content\/uploads\/2019\/05\/DSC_0797-413x620.jpg\" alt=\"\" width=\"413\" height=\"620\" srcset=\"http:\/\/www.ourchoys.pl\/wp-content\/uploads\/2019\/05\/DSC_0797-413x620.jpg 413w, http:\/\/www.ourchoys.pl\/wp-content\/uploads\/2019\/05\/DSC_0797-50x75.jpg 50w, http:\/\/www.ourchoys.pl\/wp-content\/uploads\/2019\/05\/DSC_0797-140x210.jpg 140w, http:\/\/www.ourchoys.pl\/wp-content\/uploads\/2019\/05\/DSC_0797-768x1152.jpg 768w, http:\/\/www.ourchoys.pl\/wp-content\/uploads\/2019\/05\/DSC_0797-200x300.jpg 200w, http:\/\/www.ourchoys.pl\/wp-content\/uploads\/2019\/05\/DSC_0797.jpg 2000w\" sizes=\"auto, (max-width: 413px) 100vw, 413px\" \/> <img loading=\"lazy\" decoding=\"async\" class=\"aligncenter size-large wp-image-5609\" src=\"http:\/\/www.wnetrznosci.com\/wp-content\/uploads\/2019\/05\/DSC_0799-930x620.jpg\" alt=\"\" width=\"790\" height=\"527\" srcset=\"http:\/\/www.ourchoys.pl\/wp-content\/uploads\/2019\/05\/DSC_0799-930x620.jpg 930w, http:\/\/www.ourchoys.pl\/wp-content\/uploads\/2019\/05\/DSC_0799-75x50.jpg 75w, http:\/\/www.ourchoys.pl\/wp-content\/uploads\/2019\/05\/DSC_0799-300x200.jpg 300w, http:\/\/www.ourchoys.pl\/wp-content\/uploads\/2019\/05\/DSC_0799-768x512.jpg 768w\" sizes=\"auto, (max-width: 790px) 100vw, 790px\" \/> <img loading=\"lazy\" decoding=\"async\" class=\"aligncenter size-large wp-image-5610\" src=\"http:\/\/www.wnetrznosci.com\/wp-content\/uploads\/2019\/05\/DSC_0802-930x620.jpg\" alt=\"\" width=\"790\" height=\"527\" srcset=\"http:\/\/www.ourchoys.pl\/wp-content\/uploads\/2019\/05\/DSC_0802-930x620.jpg 930w, http:\/\/www.ourchoys.pl\/wp-content\/uploads\/2019\/05\/DSC_0802-75x50.jpg 75w, http:\/\/www.ourchoys.pl\/wp-content\/uploads\/2019\/05\/DSC_0802-300x200.jpg 300w, http:\/\/www.ourchoys.pl\/wp-content\/uploads\/2019\/05\/DSC_0802-768x512.jpg 768w\" sizes=\"auto, (max-width: 790px) 100vw, 790px\" \/><\/p>\n<p>Dziedziniec:<img loading=\"lazy\" decoding=\"async\" class=\"aligncenter size-large wp-image-5616\" src=\"http:\/\/www.wnetrznosci.com\/wp-content\/uploads\/2019\/05\/IMG_8632-e1557670780841-465x620.jpg\" alt=\"\" width=\"465\" height=\"620\" srcset=\"http:\/\/www.ourchoys.pl\/wp-content\/uploads\/2019\/05\/IMG_8632-e1557670780841-465x620.jpg 465w, http:\/\/www.ourchoys.pl\/wp-content\/uploads\/2019\/05\/IMG_8632-e1557670780841-56x75.jpg 56w, http:\/\/www.ourchoys.pl\/wp-content\/uploads\/2019\/05\/IMG_8632-e1557670780841-158x210.jpg 158w, http:\/\/www.ourchoys.pl\/wp-content\/uploads\/2019\/05\/IMG_8632-e1557670780841-768x1024.jpg 768w, http:\/\/www.ourchoys.pl\/wp-content\/uploads\/2019\/05\/IMG_8632-e1557670780841-225x300.jpg 225w\" sizes=\"auto, (max-width: 465px) 100vw, 465px\" \/><\/p>\n<p><img loading=\"lazy\" decoding=\"async\" class=\"aligncenter size-large wp-image-5576\" src=\"http:\/\/www.wnetrznosci.com\/wp-content\/uploads\/2019\/05\/IMG_8637-827x620.jpg\" alt=\"\" width=\"790\" height=\"592\" srcset=\"http:\/\/www.ourchoys.pl\/wp-content\/uploads\/2019\/05\/IMG_8637-827x620.jpg 827w, http:\/\/www.ourchoys.pl\/wp-content\/uploads\/2019\/05\/IMG_8637-75x56.jpg 75w, http:\/\/www.ourchoys.pl\/wp-content\/uploads\/2019\/05\/IMG_8637-280x210.jpg 280w, http:\/\/www.ourchoys.pl\/wp-content\/uploads\/2019\/05\/IMG_8637-768x576.jpg 768w, http:\/\/www.ourchoys.pl\/wp-content\/uploads\/2019\/05\/IMG_8637-300x225.jpg 300w\" sizes=\"auto, (max-width: 790px) 100vw, 790px\" \/><\/p>\n<p>Mo\u017cna je znale\u017a\u0107 pod tym linkiem [ https:\/\/www.airbnb.pl\/rooms\/32297719 ], gdyby kto\u015b szuka\u0142.<\/p>\n<p>Pami\u0119tajcie r\u00f3wnie\u017c, \u017ce mamy dla Was zni\u017ck\u0119 na pierwsz\u0105 podr\u00f3\u017c na Airbnb, wystarczy zarejestrowa\u0107 \u015bwie\u017ce konto z naszego linku polecaj\u0105cego, a dostaniecie <strong>st\u00f3wk\u0119 zni\u017cki<\/strong> na nocleg lub 38 z\u0142 na atrakcje z Airbnb.<\/p>\n<div class=\"media-wrapper\">\n<blockquote class=\"wp-embedded-content\" data-secret=\"M7o7QC5iys\"><p><a href=\"http:\/\/www.wnetrznosci.com\/index.php\/airbnb2017\/\">Kod zni\u017ckowy Airbnb 2019<\/a><\/p><\/blockquote>\n<p><iframe loading=\"lazy\" title=\"&#8222;Kod zni\u017ckowy Airbnb 2019&#8221; &#8212; wnetrznosci.com\" class=\"wp-embedded-content\" sandbox=\"allow-scripts\" security=\"restricted\" style=\"position: absolute; clip: rect(1px, 1px, 1px, 1px);\" src=\"http:\/\/www.wnetrznosci.com\/index.php\/airbnb2017\/embed\/#?secret=M7o7QC5iys\" data-secret=\"M7o7QC5iys\" width=\"600\" height=\"338\" frameborder=\"0\" marginwidth=\"0\" marginheight=\"0\" scrolling=\"no\"><\/iframe><\/div>\n<p><img loading=\"lazy\" decoding=\"async\" class=\"aligncenter size-large wp-image-5585\" src=\"http:\/\/www.wnetrznosci.com\/wp-content\/uploads\/2019\/05\/IMG_8052-kopiam2-937x620.jpg\" alt=\"\" width=\"790\" height=\"523\" srcset=\"http:\/\/www.ourchoys.pl\/wp-content\/uploads\/2019\/05\/IMG_8052-kopiam2-937x620.jpg 937w, http:\/\/www.ourchoys.pl\/wp-content\/uploads\/2019\/05\/IMG_8052-kopiam2-75x50.jpg 75w, http:\/\/www.ourchoys.pl\/wp-content\/uploads\/2019\/05\/IMG_8052-kopiam2-300x199.jpg 300w, http:\/\/www.ourchoys.pl\/wp-content\/uploads\/2019\/05\/IMG_8052-kopiam2-768x508.jpg 768w\" sizes=\"auto, (max-width: 790px) 100vw, 790px\" \/><\/p>\n<p>Restauracja\u00a0<a class=\"property_title\" href=\"https:\/\/pl.tripadvisor.com\/Restaurant_Review-g187835-d4839987-Reviews-Locanda_Barbarossa-Como_Lake_Como_Lombardy.html\" target=\"_blank\" rel=\"noopener noreferrer\">Locanda Barbarossa<\/a>\u00a0&#8211; polecamy serdecznie. Szukaj\u0105c dobrej pizzy trafiali\u015bmy r\u00f3wnie\u017c mn\u00f3stwo dobrych opinii o\u00a0Peach Pit &#8211; jednak jest to ma\u0142y lokal z kilkoma krzese\u0142kami, z pizz\u0105 na kawa\u0142ki, wi\u0119c je\u015bli lubicie taki temat to sprawd\u017acie.<\/p>\n<p style=\"text-align: center;\"><strong>Brunate<\/strong><\/p>\n<p>Jest to miejscowo\u015b\u0107 po\u0142o\u017cona 715m .n.p.m., mo\u017cemy si\u0119 dosta\u0107 tam kolejk\u0105 z okolic portu w Como lub kr\u0119tymi uliczkami tak\u017ce z Como. W przypadku drugiej opcji polecamy raczej samoch\u00f3d, lub dla bardziej aktywnych rower &#8211; droga jest stroma i kr\u0119ta, wi\u0119c pieszo nie jest lekko. Na ko\u0144cu kolejki mamy do dyspozycji niewielkie &#8222;miasteczko&#8221; z jak zwykle pyszn\u0105 pizz\u0105 i bombow\u0105 panoram\u0105 na ca\u0142e Como i okolice. Wybieraj\u0105c si\u0119 tam celujcie w dobr\u0105 pogod\u0119 i widoczno\u015b\u0107. My specjalnie czekali\u015bmy na bezchmurne niebo (co nie by\u0142o \u0142atwe w tamtym okresie wyjazdu) i w\u0142ala! Mieli\u015bmy widoczno\u015b\u0107 na ok. 40 km, wi\u0119c z daleka mo\u017cna by\u0142o wypatrze\u0107 r\u00f3wnie\u017c Mediolan. Z takim widokiem jedzenie i Aperol smakuj\u0105 jeszcze lepiej! \ud83d\ude09<\/p>\n<p>Ceny biletu kolejk\u0105 to 5,5e od osoby w obie strony.<\/p>\n<p><img loading=\"lazy\" decoding=\"async\" class=\"aligncenter size-large wp-image-5567\" src=\"http:\/\/www.wnetrznosci.com\/wp-content\/uploads\/2019\/05\/IMG_3631m2-944x620.jpg\" alt=\"\" width=\"790\" height=\"519\" srcset=\"http:\/\/www.ourchoys.pl\/wp-content\/uploads\/2019\/05\/IMG_3631m2-944x620.jpg 944w, http:\/\/www.ourchoys.pl\/wp-content\/uploads\/2019\/05\/IMG_3631m2-75x49.jpg 75w, http:\/\/www.ourchoys.pl\/wp-content\/uploads\/2019\/05\/IMG_3631m2-300x197.jpg 300w, http:\/\/www.ourchoys.pl\/wp-content\/uploads\/2019\/05\/IMG_3631m2-768x504.jpg 768w\" sizes=\"auto, (max-width: 790px) 100vw, 790px\" \/><img loading=\"lazy\" decoding=\"async\" class=\"aligncenter size-large wp-image-5620\" src=\"http:\/\/www.wnetrznosci.com\/wp-content\/uploads\/2019\/05\/GOPR0247-827x620.jpg\" alt=\"\" width=\"790\" height=\"592\" srcset=\"http:\/\/www.ourchoys.pl\/wp-content\/uploads\/2019\/05\/GOPR0247-827x620.jpg 827w, http:\/\/www.ourchoys.pl\/wp-content\/uploads\/2019\/05\/GOPR0247-75x56.jpg 75w, http:\/\/www.ourchoys.pl\/wp-content\/uploads\/2019\/05\/GOPR0247-280x210.jpg 280w, http:\/\/www.ourchoys.pl\/wp-content\/uploads\/2019\/05\/GOPR0247-768x576.jpg 768w, http:\/\/www.ourchoys.pl\/wp-content\/uploads\/2019\/05\/GOPR0247-300x225.jpg 300w\" sizes=\"auto, (max-width: 790px) 100vw, 790px\" \/><\/p>\n<p><img loading=\"lazy\" decoding=\"async\" class=\"aligncenter size-large wp-image-5588\" src=\"http:\/\/www.wnetrznosci.com\/wp-content\/uploads\/2019\/05\/DSC_0647-2-930x620.jpg\" alt=\"\" width=\"790\" height=\"527\" srcset=\"http:\/\/www.ourchoys.pl\/wp-content\/uploads\/2019\/05\/DSC_0647-2-930x620.jpg 930w, http:\/\/www.ourchoys.pl\/wp-content\/uploads\/2019\/05\/DSC_0647-2-75x50.jpg 75w, http:\/\/www.ourchoys.pl\/wp-content\/uploads\/2019\/05\/DSC_0647-2-300x200.jpg 300w, http:\/\/www.ourchoys.pl\/wp-content\/uploads\/2019\/05\/DSC_0647-2-768x512.jpg 768w\" sizes=\"auto, (max-width: 790px) 100vw, 790px\" \/><img loading=\"lazy\" decoding=\"async\" class=\"aligncenter size-large wp-image-5589\" src=\"http:\/\/www.wnetrznosci.com\/wp-content\/uploads\/2019\/05\/DSC_0715m2-834x620.jpg\" alt=\"\" width=\"790\" height=\"587\" srcset=\"http:\/\/www.ourchoys.pl\/wp-content\/uploads\/2019\/05\/DSC_0715m2-834x620.jpg 834w, http:\/\/www.ourchoys.pl\/wp-content\/uploads\/2019\/05\/DSC_0715m2-75x56.jpg 75w, http:\/\/www.ourchoys.pl\/wp-content\/uploads\/2019\/05\/DSC_0715m2-282x210.jpg 282w, http:\/\/www.ourchoys.pl\/wp-content\/uploads\/2019\/05\/DSC_0715m2-768x571.jpg 768w, http:\/\/www.ourchoys.pl\/wp-content\/uploads\/2019\/05\/DSC_0715m2-300x223.jpg 300w\" sizes=\"auto, (max-width: 790px) 100vw, 790px\" \/><img loading=\"lazy\" decoding=\"async\" class=\"aligncenter size-large wp-image-5612\" src=\"http:\/\/www.wnetrznosci.com\/wp-content\/uploads\/2019\/05\/DSC_0692-930x620.jpg\" alt=\"\" width=\"790\" height=\"527\" srcset=\"http:\/\/www.ourchoys.pl\/wp-content\/uploads\/2019\/05\/DSC_0692-930x620.jpg 930w, http:\/\/www.ourchoys.pl\/wp-content\/uploads\/2019\/05\/DSC_0692-75x50.jpg 75w, http:\/\/www.ourchoys.pl\/wp-content\/uploads\/2019\/05\/DSC_0692-300x200.jpg 300w, http:\/\/www.ourchoys.pl\/wp-content\/uploads\/2019\/05\/DSC_0692-768x512.jpg 768w\" sizes=\"auto, (max-width: 790px) 100vw, 790px\" \/><img loading=\"lazy\" decoding=\"async\" class=\"aligncenter size-large wp-image-5573\" src=\"http:\/\/www.wnetrznosci.com\/wp-content\/uploads\/2019\/05\/DSC_0685-930x620.jpg\" alt=\"\" width=\"790\" height=\"527\" srcset=\"http:\/\/www.ourchoys.pl\/wp-content\/uploads\/2019\/05\/DSC_0685-930x620.jpg 930w, http:\/\/www.ourchoys.pl\/wp-content\/uploads\/2019\/05\/DSC_0685-75x50.jpg 75w, http:\/\/www.ourchoys.pl\/wp-content\/uploads\/2019\/05\/DSC_0685-300x200.jpg 300w, http:\/\/www.ourchoys.pl\/wp-content\/uploads\/2019\/05\/DSC_0685-768x512.jpg 768w\" sizes=\"auto, (max-width: 790px) 100vw, 790px\" \/><img loading=\"lazy\" decoding=\"async\" class=\"aligncenter size-large wp-image-5619\" src=\"http:\/\/www.wnetrznosci.com\/wp-content\/uploads\/2019\/05\/DSC_0671-kopia-835x620.jpg\" alt=\"\" width=\"790\" height=\"587\" srcset=\"http:\/\/www.ourchoys.pl\/wp-content\/uploads\/2019\/05\/DSC_0671-kopia-835x620.jpg 835w, http:\/\/www.ourchoys.pl\/wp-content\/uploads\/2019\/05\/DSC_0671-kopia-75x56.jpg 75w, http:\/\/www.ourchoys.pl\/wp-content\/uploads\/2019\/05\/DSC_0671-kopia-283x210.jpg 283w, http:\/\/www.ourchoys.pl\/wp-content\/uploads\/2019\/05\/DSC_0671-kopia-768x570.jpg 768w, http:\/\/www.ourchoys.pl\/wp-content\/uploads\/2019\/05\/DSC_0671-kopia-300x223.jpg 300w\" sizes=\"auto, (max-width: 790px) 100vw, 790px\" \/><\/p>\n<p style=\"text-align: center;\"><strong>Co warto zobaczy\u0107 b\u0119d\u0105c w Como?\u00a0<\/strong><\/p>\n<p>Maj\u0105c do dyspozycji samoch\u00f3d wybrali\u015bmy si\u0119 na wycieczk\u0119 wzd\u0142u\u017c jeziora. Za cel postawili\u015bmy sobie miejscowo\u015b\u0107 <strong>Bellagio<\/strong>. Po drodze jednak planowali\u015bmy przystanki w mniejszych, malowniczych miejscowo\u015bciach. W ten spos\u00f3b uda\u0142o nam si\u0119 zatrzyma\u0107 w\u00a0 <strong>Nesso<\/strong>. Nie\u015bwiadomie zeszli\u015bmy pod ko\u015bci\u00f3\u0142 i w poszukiwaniu ciekawych uliczek zacz\u0119li\u015bmy schodzi\u0107 coraz ni\u017cej, a\u017c do samej wody. Widok uliczek po drodze by\u0142 ob\u0142\u0119dny.<\/p>\n<p><img loading=\"lazy\" decoding=\"async\" class=\"aligncenter size-large wp-image-5570\" src=\"http:\/\/www.wnetrznosci.com\/wp-content\/uploads\/2019\/05\/IMG_3249-2-827x620.jpg\" alt=\"\" width=\"790\" height=\"592\" srcset=\"http:\/\/www.ourchoys.pl\/wp-content\/uploads\/2019\/05\/IMG_3249-2-827x620.jpg 827w, http:\/\/www.ourchoys.pl\/wp-content\/uploads\/2019\/05\/IMG_3249-2-75x56.jpg 75w, http:\/\/www.ourchoys.pl\/wp-content\/uploads\/2019\/05\/IMG_3249-2-280x210.jpg 280w, http:\/\/www.ourchoys.pl\/wp-content\/uploads\/2019\/05\/IMG_3249-2-768x576.jpg 768w, http:\/\/www.ourchoys.pl\/wp-content\/uploads\/2019\/05\/IMG_3249-2-300x225.jpg 300w\" sizes=\"auto, (max-width: 790px) 100vw, 790px\" \/><img loading=\"lazy\" decoding=\"async\" class=\"aligncenter size-large wp-image-5603\" src=\"http:\/\/www.wnetrznosci.com\/wp-content\/uploads\/2019\/05\/DSC_0227-930x620.jpg\" alt=\"\" width=\"790\" height=\"527\" srcset=\"http:\/\/www.ourchoys.pl\/wp-content\/uploads\/2019\/05\/DSC_0227-930x620.jpg 930w, http:\/\/www.ourchoys.pl\/wp-content\/uploads\/2019\/05\/DSC_0227-75x50.jpg 75w, http:\/\/www.ourchoys.pl\/wp-content\/uploads\/2019\/05\/DSC_0227-300x200.jpg 300w, http:\/\/www.ourchoys.pl\/wp-content\/uploads\/2019\/05\/DSC_0227-768x512.jpg 768w\" sizes=\"auto, (max-width: 790px) 100vw, 790px\" \/><img loading=\"lazy\" decoding=\"async\" class=\"aligncenter size-large wp-image-5579\" src=\"http:\/\/www.wnetrznosci.com\/wp-content\/uploads\/2019\/05\/DSC_0231-930x620.jpg\" alt=\"\" width=\"790\" height=\"527\" srcset=\"http:\/\/www.ourchoys.pl\/wp-content\/uploads\/2019\/05\/DSC_0231-930x620.jpg 930w, http:\/\/www.ourchoys.pl\/wp-content\/uploads\/2019\/05\/DSC_0231-75x50.jpg 75w, http:\/\/www.ourchoys.pl\/wp-content\/uploads\/2019\/05\/DSC_0231-300x200.jpg 300w, http:\/\/www.ourchoys.pl\/wp-content\/uploads\/2019\/05\/DSC_0231-768x512.jpg 768w\" sizes=\"auto, (max-width: 790px) 100vw, 790px\" \/><img loading=\"lazy\" decoding=\"async\" class=\"aligncenter size-large wp-image-5586\" src=\"http:\/\/www.wnetrznosci.com\/wp-content\/uploads\/2019\/05\/DSC_0220m2-836x620.jpg\" alt=\"\" width=\"790\" height=\"586\" srcset=\"http:\/\/www.ourchoys.pl\/wp-content\/uploads\/2019\/05\/DSC_0220m2-836x620.jpg 836w, http:\/\/www.ourchoys.pl\/wp-content\/uploads\/2019\/05\/DSC_0220m2-75x56.jpg 75w, http:\/\/www.ourchoys.pl\/wp-content\/uploads\/2019\/05\/DSC_0220m2-283x210.jpg 283w, http:\/\/www.ourchoys.pl\/wp-content\/uploads\/2019\/05\/DSC_0220m2-768x570.jpg 768w, http:\/\/www.ourchoys.pl\/wp-content\/uploads\/2019\/05\/DSC_0220m2-300x223.jpg 300w\" sizes=\"auto, (max-width: 790px) 100vw, 790px\" \/><img loading=\"lazy\" decoding=\"async\" class=\"aligncenter size-large wp-image-5580\" src=\"http:\/\/www.wnetrznosci.com\/wp-content\/uploads\/2019\/05\/DSC_0241-kopia-930x620.jpg\" alt=\"\" width=\"790\" height=\"527\" srcset=\"http:\/\/www.ourchoys.pl\/wp-content\/uploads\/2019\/05\/DSC_0241-kopia-930x620.jpg 930w, http:\/\/www.ourchoys.pl\/wp-content\/uploads\/2019\/05\/DSC_0241-kopia-75x50.jpg 75w, http:\/\/www.ourchoys.pl\/wp-content\/uploads\/2019\/05\/DSC_0241-kopia-300x200.jpg 300w, http:\/\/www.ourchoys.pl\/wp-content\/uploads\/2019\/05\/DSC_0241-kopia-768x512.jpg 768w\" sizes=\"auto, (max-width: 790px) 100vw, 790px\" \/><\/p>\n<figure id=\"attachment_5621\" class=\"wp-caption aligncenter\" style=\"width: 790px;\"><img loading=\"lazy\" decoding=\"async\" class=\"size-large wp-image-5621\" src=\"http:\/\/www.wnetrznosci.com\/wp-content\/uploads\/2019\/05\/GOPR0219-827x620.jpg\" alt=\"Ciekawe czy cz\u0119sto wypada p\" width=\"790\" height=\"592\" srcset=\"http:\/\/www.ourchoys.pl\/wp-content\/uploads\/2019\/05\/GOPR0219-827x620.jpg 827w, http:\/\/www.ourchoys.pl\/wp-content\/uploads\/2019\/05\/GOPR0219-75x56.jpg 75w, http:\/\/www.ourchoys.pl\/wp-content\/uploads\/2019\/05\/GOPR0219-280x210.jpg 280w, http:\/\/www.ourchoys.pl\/wp-content\/uploads\/2019\/05\/GOPR0219-768x576.jpg 768w, http:\/\/www.ourchoys.pl\/wp-content\/uploads\/2019\/05\/GOPR0219-300x225.jpg 300w\" sizes=\"auto, (max-width: 790px) 100vw, 790px\" \/><figcaption class=\"wp-caption-text\">Ciekawe, czy cz\u0119sto pi\u0142ka wypada \ud83d\ude09<\/figcaption><\/figure>\n<p>W samym Nesso mo\u017cecie r\u00f3wnie\u017c zobaczy\u0107 s\u0142ynny mostek, kt\u00f3ry kr\u00f3luje w internecie wsr\u00f3d zdj\u0119\u0107 z Como. Nam si\u0119 nie uda\u0142o go znale\u017a\u0107, poniewa\u017c wtedy nawet nie wiedzieli\u015bmy, \u017ce jeste\u015bmy w tej miejscowo\u015bci \ud83d\ude42<\/p>\n<p><img loading=\"lazy\" decoding=\"async\" class=\"aligncenter size-large wp-image-5598\" src=\"http:\/\/www.wnetrznosci.com\/wp-content\/uploads\/2019\/05\/Zrzut-ekranu-2019-05-12-o-14.17.24-990x446.png\" alt=\"\" width=\"790\" height=\"356\" srcset=\"http:\/\/www.ourchoys.pl\/wp-content\/uploads\/2019\/05\/Zrzut-ekranu-2019-05-12-o-14.17.24-990x446.png 990w, http:\/\/www.ourchoys.pl\/wp-content\/uploads\/2019\/05\/Zrzut-ekranu-2019-05-12-o-14.17.24-75x34.png 75w, http:\/\/www.ourchoys.pl\/wp-content\/uploads\/2019\/05\/Zrzut-ekranu-2019-05-12-o-14.17.24-300x135.png 300w, http:\/\/www.ourchoys.pl\/wp-content\/uploads\/2019\/05\/Zrzut-ekranu-2019-05-12-o-14.17.24-768x346.png 768w\" sizes=\"auto, (max-width: 790px) 100vw, 790px\" \/>W google grafice znale\u017ali\u015bmy r\u00f3wnie\u017c domow\u0105 restauracj\u0119 z pi\u0119knym widokiem na jezioro, a sam klimat sprawia wra\u017cenie jakby\u015bmy jedli w czyim\u015b ogrodzie:<\/p>\n<p><img loading=\"lazy\" decoding=\"async\" class=\"aligncenter size-large wp-image-5599\" src=\"http:\/\/www.wnetrznosci.com\/wp-content\/uploads\/2019\/05\/Zrzut-ekranu-2019-05-12-o-14.25.53-990x442.png\" alt=\"\" width=\"790\" height=\"353\" srcset=\"http:\/\/www.ourchoys.pl\/wp-content\/uploads\/2019\/05\/Zrzut-ekranu-2019-05-12-o-14.25.53-990x442.png 990w, http:\/\/www.ourchoys.pl\/wp-content\/uploads\/2019\/05\/Zrzut-ekranu-2019-05-12-o-14.25.53-75x33.png 75w, http:\/\/www.ourchoys.pl\/wp-content\/uploads\/2019\/05\/Zrzut-ekranu-2019-05-12-o-14.25.53-300x134.png 300w, http:\/\/www.ourchoys.pl\/wp-content\/uploads\/2019\/05\/Zrzut-ekranu-2019-05-12-o-14.25.53-768x343.png 768w\" sizes=\"auto, (max-width: 790px) 100vw, 790px\" \/>Kieruj\u0105c si\u0119 dalej w\u0105skimi i malowniczymi ulicami w ko\u0144cu docieramy do Bellagio. To trasa typu &#8222;mog\u0142aby si\u0119 nie ko\u0144czy\u0107&#8221;, wi\u0119c je\u015bli macie tylko sposobno\u015b\u0107 to koniecznie wybierzcie si\u0119 tam autem. Samo Bellagio jest do\u015b\u0107 spore, przynajmniej bior\u0105c pod uwag\u0119 miejscowo\u015bci po drodze. Turyst\u00f3w nie brakuje, ale \u015bwietnych widok\u00f3w r\u00f3wnie\u017c. Bellagio jest najwa\u017cniejszym kurortem turystycznym nad Lago di Como. Znajdziecie tutaj sporo restauracji, hoteli, sklep\u00f3w z pami\u0105tkami czy z ubraniami. Ceny typowo nadmorskie, czyli odpowiednio dro\u017cej. Z ciekawostek, to w\u0142a\u015bnie w Bellagio nagrywano jedn\u0105 ze scen w Casino Royale.<\/p>\n<p><img loading=\"lazy\" decoding=\"async\" class=\"aligncenter size-large wp-image-5594\" src=\"http:\/\/www.wnetrznosci.com\/wp-content\/uploads\/2019\/05\/DSC_0283-930x620.jpg\" alt=\"\" width=\"790\" height=\"527\" srcset=\"http:\/\/www.ourchoys.pl\/wp-content\/uploads\/2019\/05\/DSC_0283-930x620.jpg 930w, http:\/\/www.ourchoys.pl\/wp-content\/uploads\/2019\/05\/DSC_0283-75x50.jpg 75w, http:\/\/www.ourchoys.pl\/wp-content\/uploads\/2019\/05\/DSC_0283-300x200.jpg 300w, http:\/\/www.ourchoys.pl\/wp-content\/uploads\/2019\/05\/DSC_0283-768x512.jpg 768w\" sizes=\"auto, (max-width: 790px) 100vw, 790px\" \/><\/p>\n<p>Wracaj\u0105c do naszej wyprawy. Po 10 minutach uda\u0142o nam si\u0119 znale\u017a\u0107 darmowy parking ok 20 min spacerkiem od g\u0142\u00f3wnej ulicy z portem i restauracjami. Kiedy b\u0119dziecie podr\u00f3\u017cowa\u0107 po W\u0142oszech to zrozumiecie, \u017ce darmowy parking to poniek\u0105d cud. Szukali\u015bmy tylko wolnego miejsca z parkometrem, a tu taka niespodzianka. Je\u015bli chodzi o sprawdzone jedzenie to zdecydowali\u015bmy si\u0119 na nie nieco dalej od g\u0142\u00f3wnej cz\u0119\u015bci miasta, po drodze z parkingu do &#8222;centrum&#8221;.<\/p>\n<p>Tutaj mo\u017cecie znale\u017a\u0107 j\u0105 na mapie:<\/p>\n<p><img loading=\"lazy\" decoding=\"async\" class=\"aligncenter size-large wp-image-5617\" src=\"http:\/\/www.wnetrznosci.com\/wp-content\/uploads\/2019\/05\/Zrzut-ekranu-2019-05-12-o-16.21.01-990x528.png\" alt=\"\" width=\"790\" height=\"421\" srcset=\"http:\/\/www.ourchoys.pl\/wp-content\/uploads\/2019\/05\/Zrzut-ekranu-2019-05-12-o-16.21.01-990x528.png 990w, http:\/\/www.ourchoys.pl\/wp-content\/uploads\/2019\/05\/Zrzut-ekranu-2019-05-12-o-16.21.01-75x40.png 75w, http:\/\/www.ourchoys.pl\/wp-content\/uploads\/2019\/05\/Zrzut-ekranu-2019-05-12-o-16.21.01-300x160.png 300w, http:\/\/www.ourchoys.pl\/wp-content\/uploads\/2019\/05\/Zrzut-ekranu-2019-05-12-o-16.21.01-768x409.png 768w, http:\/\/www.ourchoys.pl\/wp-content\/uploads\/2019\/05\/Zrzut-ekranu-2019-05-12-o-16.21.01.png 1748w\" sizes=\"auto, (max-width: 790px) 100vw, 790px\" \/><\/p>\n<p>Jedzenie jak zwykle pyszne i ta\u0144sze ni\u017c 15 min dalej \ud83d\ude09 Do tego ten widok za oknem:<\/p>\n<p><img loading=\"lazy\" decoding=\"async\" class=\"aligncenter size-large wp-image-5590\" src=\"http:\/\/www.wnetrznosci.com\/wp-content\/uploads\/2019\/05\/DSC_0267-kopiam2-833x620.jpg\" alt=\"\" width=\"790\" height=\"588\" srcset=\"http:\/\/www.ourchoys.pl\/wp-content\/uploads\/2019\/05\/DSC_0267-kopiam2-833x620.jpg 833w, http:\/\/www.ourchoys.pl\/wp-content\/uploads\/2019\/05\/DSC_0267-kopiam2-75x56.jpg 75w, http:\/\/www.ourchoys.pl\/wp-content\/uploads\/2019\/05\/DSC_0267-kopiam2-282x210.jpg 282w, http:\/\/www.ourchoys.pl\/wp-content\/uploads\/2019\/05\/DSC_0267-kopiam2-768x572.jpg 768w, http:\/\/www.ourchoys.pl\/wp-content\/uploads\/2019\/05\/DSC_0267-kopiam2-300x223.jpg 300w\" sizes=\"auto, (max-width: 790px) 100vw, 790px\" \/><img loading=\"lazy\" decoding=\"async\" class=\"aligncenter size-large wp-image-5606\" src=\"http:\/\/www.wnetrznosci.com\/wp-content\/uploads\/2019\/05\/DSC_0277-834x620.jpg\" alt=\"\" width=\"790\" height=\"587\" srcset=\"http:\/\/www.ourchoys.pl\/wp-content\/uploads\/2019\/05\/DSC_0277-834x620.jpg 834w, http:\/\/www.ourchoys.pl\/wp-content\/uploads\/2019\/05\/DSC_0277-75x56.jpg 75w, http:\/\/www.ourchoys.pl\/wp-content\/uploads\/2019\/05\/DSC_0277-283x210.jpg 283w, http:\/\/www.ourchoys.pl\/wp-content\/uploads\/2019\/05\/DSC_0277-768x571.jpg 768w, http:\/\/www.ourchoys.pl\/wp-content\/uploads\/2019\/05\/DSC_0277-300x223.jpg 300w\" sizes=\"auto, (max-width: 790px) 100vw, 790px\" \/><img loading=\"lazy\" decoding=\"async\" class=\"aligncenter size-large wp-image-5577\" src=\"http:\/\/www.wnetrznosci.com\/wp-content\/uploads\/2019\/05\/DSC_0332-930x620.jpg\" alt=\"\" width=\"790\" height=\"527\" srcset=\"http:\/\/www.ourchoys.pl\/wp-content\/uploads\/2019\/05\/DSC_0332-930x620.jpg 930w, http:\/\/www.ourchoys.pl\/wp-content\/uploads\/2019\/05\/DSC_0332-75x50.jpg 75w, http:\/\/www.ourchoys.pl\/wp-content\/uploads\/2019\/05\/DSC_0332-300x200.jpg 300w, http:\/\/www.ourchoys.pl\/wp-content\/uploads\/2019\/05\/DSC_0332-768x512.jpg 768w\" sizes=\"auto, (max-width: 790px) 100vw, 790px\" \/><img loading=\"lazy\" decoding=\"async\" class=\"aligncenter size-large wp-image-5604\" src=\"http:\/\/www.wnetrznosci.com\/wp-content\/uploads\/2019\/05\/DSC_0368-2-930x620.jpg\" alt=\"\" width=\"790\" height=\"527\" srcset=\"http:\/\/www.ourchoys.pl\/wp-content\/uploads\/2019\/05\/DSC_0368-2-930x620.jpg 930w, http:\/\/www.ourchoys.pl\/wp-content\/uploads\/2019\/05\/DSC_0368-2-75x50.jpg 75w, http:\/\/www.ourchoys.pl\/wp-content\/uploads\/2019\/05\/DSC_0368-2-300x200.jpg 300w, http:\/\/www.ourchoys.pl\/wp-content\/uploads\/2019\/05\/DSC_0368-2-768x512.jpg 768w\" sizes=\"auto, (max-width: 790px) 100vw, 790px\" \/><\/p>\n<p style=\"text-align: center;\"><strong>Mediolan<\/strong><\/p>\n<p>Nie mo\u017cemy o nim zapomina\u0107. Jest tak blisko, \u017ce grzechem by\u0142oby o nim nie wspomnie\u0107. My w tym roku w samym Mediolanie nie byli\u015bmy zbyt d\u0142ugo. Po\u015bwi\u0119cili\u015bmy na niego jedno popo\u0142udnie. Musieli\u015bmy nacieszy\u0107 oczy katedr\u0105 Duomo oraz napi\u0107 si\u0119 kawy z widokiem na plac. Polecamy kupi\u0107 bilet i wej\u015b\u0107 na sam\u0105 g\u00f3r\u0119 katedry, czyli co\u015b, czego nie zrobili\u015bmy ju\u017c po raz drugi z braku czasu \ud83d\ude42 C\u00f3\u017c, mamy kolejny pretekst, aby uda\u0107 si\u0119 tam niebawem. Je\u015bli poruszacie si\u0119 po Mediolanie samochodem to musicie pami\u0119ta\u0107 o strefie ograniczonego ruchu. W niekt\u00f3rych strefach mo\u017cna porusza\u0107 si\u0119 np. pojazdami tylko elektrycznymi, w inn\u0105 stref\u0119 mog\u0105 wje\u017cd\u017ca\u0107 tylko mieszka\u0144cy lub osoby zg\u0142oszone przez mieszka\u0144c\u00f3w czy hotele jako ich go\u015bcie, a w jeszcze inne mo\u017ce wjecha\u0107 tylko komunikacja miejska. Podsumowuj\u0105c, trzeba mie\u0107 oczy szerokootwarte i zwraca\u0107 uwag\u0119 na znaki. Co do samego parkowania &#8211; parking\u00f3w w Mediolanie nie brakuje, ale polecamy poszuka\u0107 docelowego miejsca postojowego wcze\u015bniej w internecie. My u\u017cyli\u015bmy do tego tej strony:<\/p>\n<p>https:\/\/en.parkopedia.com\/<\/p>\n<p><img loading=\"lazy\" decoding=\"async\" class=\"aligncenter size-large wp-image-5593\" src=\"http:\/\/www.wnetrznosci.com\/wp-content\/uploads\/2019\/05\/DSC_0628-930x620.jpg\" alt=\"\" width=\"790\" height=\"527\" srcset=\"http:\/\/www.ourchoys.pl\/wp-content\/uploads\/2019\/05\/DSC_0628-930x620.jpg 930w, http:\/\/www.ourchoys.pl\/wp-content\/uploads\/2019\/05\/DSC_0628-75x50.jpg 75w, http:\/\/www.ourchoys.pl\/wp-content\/uploads\/2019\/05\/DSC_0628-300x200.jpg 300w, http:\/\/www.ourchoys.pl\/wp-content\/uploads\/2019\/05\/DSC_0628-768x512.jpg 768w\" sizes=\"auto, (max-width: 790px) 100vw, 790px\" \/><\/p>\n<p>Mogli\u015bmy wcze\u015bniej sprawdzi\u0107 cen\u0119 za godzin\u0119 i lepiej zaplanowa\u0107 podr\u00f3\u017c. Wiemy z do\u015bwiadczenia, \u017ce parkingi r\u00f3wnie\u017c s\u0105 drogie. Po Mediolanie podobno najlepiej porusza\u0107 si\u0119 metrem, a auto zostawi\u0107 gdzie\u015b na obrze\u017cach.<\/p>\n<p>Kilka wa\u017cnych informacji o strefach mo\u017cecie znale\u017a\u0107 np. tutaj:<\/p>\n<p>https:\/\/www.comune.milano.it\/wps\/portal\/ist\/en\/area_c<\/p>\n<p><img loading=\"lazy\" decoding=\"async\" class=\"aligncenter size-large wp-image-5571\" src=\"http:\/\/www.wnetrznosci.com\/wp-content\/uploads\/2019\/05\/IMG_8247m2-942x620.jpg\" alt=\"\" width=\"790\" height=\"520\" srcset=\"http:\/\/www.ourchoys.pl\/wp-content\/uploads\/2019\/05\/IMG_8247m2-942x620.jpg 942w, http:\/\/www.ourchoys.pl\/wp-content\/uploads\/2019\/05\/IMG_8247m2-75x49.jpg 75w, http:\/\/www.ourchoys.pl\/wp-content\/uploads\/2019\/05\/IMG_8247m2-300x197.jpg 300w, http:\/\/www.ourchoys.pl\/wp-content\/uploads\/2019\/05\/IMG_8247m2-768x506.jpg 768w\" sizes=\"auto, (max-width: 790px) 100vw, 790px\" \/><\/p>\n<p>Mediolan to r\u00f3wnie\u017c s\u0142ynna ulicach Brera, kt\u00f3r\u0105 trzeba si\u0119 przespacerowa\u0107. Dla fan\u00f3w designu znajdzie si\u0119 tutaj masa showroom\u00f3w do odwiedzenia. Nie mo\u017cemy r\u00f3wnie\u017c pomin\u0105\u0107 iSaloni, przez kt\u00f3re zjawili\u015bmy si\u0119 w tym terminie we W\u0142oszech. O nim powstanie odr\u0119bny wpis ju\u017c niebawem, ale serdecznie polecamy ka\u017cdej osobie zakochanej we wn\u0119trzach i ich urz\u0105dzaniu. Najbli\u017csze iSaloni 21-26 kwietnia 2020.\u00a0<img loading=\"lazy\" decoding=\"async\" class=\"aligncenter size-large wp-image-5605\" src=\"http:\/\/www.wnetrznosci.com\/wp-content\/uploads\/2019\/05\/IMG_8315-kopia-940x620.jpg\" alt=\"\" width=\"790\" height=\"521\" srcset=\"http:\/\/www.ourchoys.pl\/wp-content\/uploads\/2019\/05\/IMG_8315-kopia-940x620.jpg 940w, http:\/\/www.ourchoys.pl\/wp-content\/uploads\/2019\/05\/IMG_8315-kopia-75x49.jpg 75w, http:\/\/www.ourchoys.pl\/wp-content\/uploads\/2019\/05\/IMG_8315-kopia-300x198.jpg 300w, http:\/\/www.ourchoys.pl\/wp-content\/uploads\/2019\/05\/IMG_8315-kopia-768x507.jpg 768w\" sizes=\"auto, (max-width: 790px) 100vw, 790px\" \/><\/p>\n<p><img loading=\"lazy\" decoding=\"async\" class=\"aligncenter size-large wp-image-5611\" src=\"http:\/\/www.wnetrznosci.com\/wp-content\/uploads\/2019\/05\/IMG_7981-934x620.jpg\" alt=\"\" width=\"790\" height=\"524\" srcset=\"http:\/\/www.ourchoys.pl\/wp-content\/uploads\/2019\/05\/IMG_7981-934x620.jpg 934w, http:\/\/www.ourchoys.pl\/wp-content\/uploads\/2019\/05\/IMG_7981-75x50.jpg 75w, http:\/\/www.ourchoys.pl\/wp-content\/uploads\/2019\/05\/IMG_7981-300x199.jpg 300w, http:\/\/www.ourchoys.pl\/wp-content\/uploads\/2019\/05\/IMG_7981-768x510.jpg 768w\" sizes=\"auto, (max-width: 790px) 100vw, 790px\" \/><\/p>\n<p>O samym poruszaniu si\u0119 samochodem we W\u0142oszech r\u00f3wnie\u017c powstanie oddzielny wpis, gdzie opiszemy dok\u0142adniej m.in. co oznaczaj\u0105 poszczeg\u00f3lne miejsca parkingowe, na co zwraca\u0107 uwag\u0119 chocia\u017cby podczas tankowania samochodu, przyk\u0142adowe ceny.<\/p>\n<p style=\"text-align: center;\"><strong>P\u0142atno\u015bci we W\u0142oszech<\/strong><\/p>\n<p>P\u0142atno\u015b\u0107 kart\u0105 we W\u0142oszech jest na porz\u0105dku dziennym. Tylko w jednej restauracji spotkali\u015bmy si\u0119 z problemem p\u0142atno\u015bci\u0105 kart\u0105, ale tylko z powodu cz\u0119stej awarii terminala p\u0142atniczego. Zatem na wypraw\u0119 po W\u0142oszech polecamy niewielk\u0105 ilo\u015b\u0107 got\u00f3wki w postaci euro oraz kart\u0119 Revolut, dzi\u0119ki kt\u00f3rej nie zbankrutujemy na przewalutowaniu z euro na z\u0142ot\u00f3wki. Dzia\u0142a bardzo prosto &#8211; wp\u0142acamy na konto Revolut dan\u0105 kwot\u0119 np. w z\u0142ot\u00f3wkach i po kursie NBP p\u0142acimy ni\u0105 na ca\u0142ym \u015bwiecie bez prowizji. Prowizje pojawi\u0105 si\u0119 np. w momencie wyp\u0142at w weekendy w miejscowych bankomatach, ale tego w\u0142a\u015bciwie mo\u017cna nie robi\u0107. My u\u017cywamy jej tylko do p\u0142acenia. Dzi\u0119ki aplikacji mobilnej mo\u017cemy kontrolowa\u0107 kurs danej waluty i swoje wydatki. Prosta i szybka sprawa. Dodatkowym zabezpieczeniem mo\u017ce okaza\u0107 si\u0119 karta kredytowa. W naszym przypadku niezb\u0119dna do wynaj\u0119cia auta, czy w przypadkach awaryjnych. Nigdy nie wiadomo, co mo\u017ce si\u0119 przytrafi\u0107, je\u015bli na koncie nie mamy wystarczaj\u0105cej sumki lub po prostu trafi si\u0119 dobra promka na torebk\u0119 czy inny gad\u017cet \ud83d\ude09<\/p>\n<p>Niebawem wracamy z wy\u017cej wspomnianymi wpisami dot. iSaloni 2019 oraz o poruszaniu si\u0119 samochodem po W\u0142oszech. Koniecznie dajcie zna\u0107 czy wpis przypad\u0142 Wam do gustu!<\/p>\n<p><img loading=\"lazy\" decoding=\"async\" class=\"size-large wp-image-5584\" src=\"http:\/\/www.wnetrznosci.com\/wp-content\/uploads\/2019\/05\/GPTempDownload-4-kopia-940x620.jpg\" alt=\"\" width=\"790\" height=\"521\" srcset=\"http:\/\/www.ourchoys.pl\/wp-content\/uploads\/2019\/05\/GPTempDownload-4-kopia-940x620.jpg 940w, http:\/\/www.ourchoys.pl\/wp-content\/uploads\/2019\/05\/GPTempDownload-4-kopia-75x49.jpg 75w, http:\/\/www.ourchoys.pl\/wp-content\/uploads\/2019\/05\/GPTempDownload-4-kopia-300x198.jpg 300w, http:\/\/www.ourchoys.pl\/wp-content\/uploads\/2019\/05\/GPTempDownload-4-kopia-768x507.jpg 768w\" sizes=\"auto, (max-width: 790px) 100vw, 790px\" \/><\/p>\n<p><img loading=\"lazy\" decoding=\"async\" class=\"aligncenter size-full wp-image-5625\" src=\"http:\/\/www.wnetrznosci.com\/wp-content\/uploads\/2019\/05\/podpismat02.jpg\" alt=\"\" width=\"953\" height=\"147\" srcset=\"http:\/\/www.ourchoys.pl\/wp-content\/uploads\/2019\/05\/podpismat02.jpg 953w, http:\/\/www.ourchoys.pl\/wp-content\/uploads\/2019\/05\/podpismat02-75x12.jpg 75w, http:\/\/www.ourchoys.pl\/wp-content\/uploads\/2019\/05\/podpismat02-300x46.jpg 300w, http:\/\/www.ourchoys.pl\/wp-content\/uploads\/2019\/05\/podpismat02-768x118.jpg 768w\" sizes=\"auto, (max-width: 953px) 100vw, 953px\" \/><\/p>\n<p>[\/fsn_text][\/fsn_column][\/fsn_row]<\/p>\n","protected":false},"excerpt":{"rendered":"<p>Jezioro, Alpy, okiennice, zielone drzwi, pyszna pizza i kawa na ka\u017cdym kroku, je\u015bli w\u0142a\u015bnie si\u0119 rozmarzyli\u015bcie na my\u015bl o tym zestawieniu to Como jest kierunkiem obowi\u0105zkowym do odwiedzenia. My pojechali\u015bmy do W\u0142och w drugim tygodniu kwietnia. Przedstawimy Wam opcje przelotu, noclegu, wskaz\u00f3wki gdzie zje\u015b\u0107 i co zobaczy\u0107 w tym pi\u0119knym miejscu w bliskim s\u0105siedztwie Bergamo. Lot &#8211; bilety Zacznijmy od tego, jak si\u0119 tutaj dostali\u015bmy, czyli od lotu. Bilety kupili\u015bmy&#8230;<\/p>\n","protected":false},"author":1,"featured_media":5594,"comment_status":"open","ping_status":"open","sticky":false,"template":"","format":"gallery","meta":{"_acf_changed":false,"footnotes":""},"categories":[222],"tags":[713,714,711,716,712,715,35],"class_list":["post-5565","post","type-post","status-publish","format-gallery","has-post-thumbnail","hentry","category-podroze","tag-belliago","tag-brunate","tag-como","tag-como-wlochy","tag-lago-di-como","tag-przewodnik-como","tag-wlochy","post_format-post-format-gallery"],"acf":[],"_links":{"self":[{"href":"http:\/\/www.ourchoys.pl\/index.php\/wp-json\/wp\/v2\/posts\/5565","targetHints":{"allow":["GET"]}}],"collection":[{"href":"http:\/\/www.ourchoys.pl\/index.php\/wp-json\/wp\/v2\/posts"}],"about":[{"href":"http:\/\/www.ourchoys.pl\/index.php\/wp-json\/wp\/v2\/types\/post"}],"author":[{"embeddable":true,"href":"http:\/\/www.ourchoys.pl\/index.php\/wp-json\/wp\/v2\/users\/1"}],"replies":[{"embeddable":true,"href":"http:\/\/www.ourchoys.pl\/index.php\/wp-json\/wp\/v2\/comments?post=5565"}],"version-history":[{"count":17,"href":"http:\/\/www.ourchoys.pl\/index.php\/wp-json\/wp\/v2\/posts\/5565\/revisions"}],"predecessor-version":[{"id":6249,"href":"http:\/\/www.ourchoys.pl\/index.php\/wp-json\/wp\/v2\/posts\/5565\/revisions\/6249"}],"wp:featuredmedia":[{"embeddable":true,"href":"http:\/\/www.ourchoys.pl\/index.php\/wp-json\/wp\/v2\/media\/5594"}],"wp:attachment":[{"href":"http:\/\/www.ourchoys.pl\/index.php\/wp-json\/wp\/v2\/media?parent=5565"}],"wp:term":[{"taxonomy":"category","embeddable":true,"href":"http:\/\/www.ourchoys.pl\/index.php\/wp-json\/wp\/v2\/categories?post=5565"},{"taxonomy":"post_tag","embeddable":true,"href":"http:\/\/www.ourchoys.pl\/index.php\/wp-json\/wp\/v2\/tags?post=5565"}],"curies":[{"name":"wp","href":"https:\/\/api.w.org\/{rel}","templated":true}]}}