{"id":6564,"date":"2020-08-20T18:45:02","date_gmt":"2020-08-20T16:45:02","guid":{"rendered":"http:\/\/www.wnetrznosci.com\/?p=6564"},"modified":"2020-08-21T06:58:21","modified_gmt":"2020-08-21T04:58:21","slug":"teraz-terrazzo","status":"publish","type":"post","link":"http:\/\/www.ourchoys.pl\/index.php\/teraz-terrazzo\/","title":{"rendered":"Teraz terrazzo"},"content":{"rendered":"\n<p>Na lastryko chorowali\u015bmy ju\u017c od d\u0142u\u017cszego czasu. Pocz\u0105tkowo w g\u0142owach narodzi\u0142 nam si\u0119 pomys\u0142 na komod\u0119 z blatem z terrazzo, ale szkoda nam by\u0142o rezygnowa\u0107 z naszej kochanej Violetty, kt\u00f3ra jest z nami od pocz\u0105tku przygody z blogowaniem. Swoj\u0105 chorob\u0119 zacz\u0119li\u015bmy do\u015b\u0107 szablonowo, bowiem od inspiracji na Pinterest, p\u00f3\u017aniej napatrzyli\u015bmy si\u0119 na kilka przepi\u0119knych mebli podczas targ\u00f3w Saloni w Mediolanie. Po okresie przej\u015bciowym, czyli wzdychaniu do ka\u017cdego zdj\u0119cia, na kt\u00f3rym widzieli\u015bmy lastryko nast\u0105pi\u0142 prze\u0142om, a wszystko za spraw\u0105&nbsp; \u201e<a rel=\"noreferrer noopener\" href=\"https:\/\/vanderluna.com\/pl\/\" target=\"_blank\">Vanderluna<\/a>\u201d.&nbsp;<\/p>\n\n\n\n<figure class=\"wp-block-image size-large\"><img loading=\"lazy\" decoding=\"async\" width=\"1170\" height=\"730\" src=\"http:\/\/www.wnetrznosci.com\/wp-content\/uploads\/2020\/08\/DSC04974-1170x730.jpg\" alt=\"\" class=\"wp-image-6569\"\/><\/figure>\n\n\n\n<p>Zmiany w salonie planowali\u015bmy ju\u017c od d\u0142u\u017cszego czasu, jednak chcieli\u015bmy, aby wszystkie elementy ze sob\u0105 wsp\u00f3\u0142gra\u0142y i nie by\u0142y od czapy. Chwil\u0119 nam to zaj\u0119\u0142o, a potem przyszed\u0142 wirus-\u015bwirus i wszystko pokrzy\u017cowa\u0142 &#8211; przez co od marca mieli\u015bmy solidne op\u00f3\u017anienie realizacj\u0105 naszych plan\u00f3w. Jednak najwa\u017cniejsze, aby si\u0119&nbsp;nie poddawa\u0107. Po naszym powrocie z Hiszpanii w marcu uda\u0142o nam si\u0119 spotka\u0107 osobi\u015bcie z Martyn\u0105 i Patrykiem &#8211; za\u0142o\u017cycielami firmy <a rel=\"noreferrer noopener\" href=\"https:\/\/vanderluna.com\/pl\/\" target=\"_blank\">Vanderluna<\/a>.&nbsp; Wsp\u00f3lnie ustalili\u015bmy potrzeby, nakre\u015blili\u015bmy pomys\u0142, wspomnieli\u015bmy o materia\u0142ach, a reszt\u0119 zaproponowali oni. Wiedzieli\u015bmy jedno, \u017ce w salonie po zmianach koniecznie musy si\u0119 znale\u017a\u0107 lastryko z elementami mosi\u0105dzu.&nbsp;<\/p>\n\n\n\n<figure class=\"wp-block-gallery columns-2 is-cropped wp-block-gallery-1 is-layout-flex wp-block-gallery-is-layout-flex\"><ul class=\"blocks-gallery-grid\"><li class=\"blocks-gallery-item\"><figure><img loading=\"lazy\" decoding=\"async\" width=\"1440\" height=\"2560\" src=\"http:\/\/www.wnetrznosci.com\/wp-content\/uploads\/2020\/08\/DSC04990-scaled.jpg\" alt=\"\" data-id=\"6571\" data-full-url=\"http:\/\/www.wnetrznosci.com\/wp-content\/uploads\/2020\/08\/DSC04990-scaled.jpg\" data-link=\"http:\/\/www.wnetrznosci.com\/?attachment_id=6571\" class=\"wp-image-6571\" srcset=\"http:\/\/www.ourchoys.pl\/wp-content\/uploads\/2020\/08\/DSC04990-scaled.jpg 1440w, http:\/\/www.ourchoys.pl\/wp-content\/uploads\/2020\/08\/DSC04990-768x1365.jpg 768w, http:\/\/www.ourchoys.pl\/wp-content\/uploads\/2020\/08\/DSC04990-169x300.jpg 169w, http:\/\/www.ourchoys.pl\/wp-content\/uploads\/2020\/08\/DSC04990-864x1536.jpg 864w, http:\/\/www.ourchoys.pl\/wp-content\/uploads\/2020\/08\/DSC04990-1152x2048.jpg 1152w, http:\/\/www.ourchoys.pl\/wp-content\/uploads\/2020\/08\/DSC04990-1250x2222.jpg 1250w, http:\/\/www.ourchoys.pl\/wp-content\/uploads\/2020\/08\/DSC04990-1320x2346.jpg 1320w\" sizes=\"auto, (max-width: 1440px) 100vw, 1440px\" \/><\/figure><\/li><li class=\"blocks-gallery-item\"><figure><img loading=\"lazy\" decoding=\"async\" width=\"1440\" height=\"2560\" src=\"http:\/\/www.wnetrznosci.com\/wp-content\/uploads\/2020\/08\/DSC04961-scaled.jpg\" alt=\"\" data-id=\"6572\" data-full-url=\"http:\/\/www.wnetrznosci.com\/wp-content\/uploads\/2020\/08\/DSC04961-scaled.jpg\" data-link=\"http:\/\/www.wnetrznosci.com\/?attachment_id=6572\" class=\"wp-image-6572\" srcset=\"http:\/\/www.ourchoys.pl\/wp-content\/uploads\/2020\/08\/DSC04961-scaled.jpg 1440w, http:\/\/www.ourchoys.pl\/wp-content\/uploads\/2020\/08\/DSC04961-768x1365.jpg 768w, http:\/\/www.ourchoys.pl\/wp-content\/uploads\/2020\/08\/DSC04961-169x300.jpg 169w, http:\/\/www.ourchoys.pl\/wp-content\/uploads\/2020\/08\/DSC04961-864x1536.jpg 864w, http:\/\/www.ourchoys.pl\/wp-content\/uploads\/2020\/08\/DSC04961-1152x2048.jpg 1152w, http:\/\/www.ourchoys.pl\/wp-content\/uploads\/2020\/08\/DSC04961-1250x2222.jpg 1250w, http:\/\/www.ourchoys.pl\/wp-content\/uploads\/2020\/08\/DSC04961-1320x2346.jpg 1320w\" sizes=\"auto, (max-width: 1440px) 100vw, 1440px\" \/><\/figure><\/li><\/ul><\/figure>\n\n\n\n<p>Do wyboru mieli\u015bmy jeszcze marmur w r\u00f3\u017cnych gatunkach lub litego d\u0119bu, jednak stwierdzili\u015bmy, \u017ce nie jest to surowiec dla nas \ud83d\ude09 Wyko\u0144czenie czy rozmiar mogli\u015bmy w pe\u0142ni spersonalizowa\u0107. Potrzebujecie okr\u0105g\u0142ego sto\u0142u o 120cm \u015brednicy? Nie ma problemu. Wy\u017cszego ni\u017c \u201estandard\u201d? \u017baden k\u0142opot. W ten oto spos\u00f3b powsta\u0142 koncept na nasz st\u00f3\u0142 i stolik kawowy, kt\u00f3re razem tworz\u0105 komplet.\u00a0<\/p>\n\n\n\n<figure class=\"wp-block-image size-full\"><img loading=\"lazy\" decoding=\"async\" width=\"2560\" height=\"1279\" src=\"http:\/\/www.wnetrznosci.com\/wp-content\/uploads\/2020\/08\/vanderluna-stoly-scaled.jpg\" alt=\"\" class=\"wp-image-6567\" srcset=\"http:\/\/www.ourchoys.pl\/wp-content\/uploads\/2020\/08\/vanderluna-stoly-scaled.jpg 2560w, http:\/\/www.ourchoys.pl\/wp-content\/uploads\/2020\/08\/vanderluna-stoly-768x384.jpg 768w, http:\/\/www.ourchoys.pl\/wp-content\/uploads\/2020\/08\/vanderluna-stoly-300x150.jpg 300w, http:\/\/www.ourchoys.pl\/wp-content\/uploads\/2020\/08\/vanderluna-stoly-1536x768.jpg 1536w, http:\/\/www.ourchoys.pl\/wp-content\/uploads\/2020\/08\/vanderluna-stoly-2048x1023.jpg 2048w, http:\/\/www.ourchoys.pl\/wp-content\/uploads\/2020\/08\/vanderluna-stoly-1250x625.jpg 1250w, http:\/\/www.ourchoys.pl\/wp-content\/uploads\/2020\/08\/vanderluna-stoly-1320x660.jpg 1320w\" sizes=\"auto, (max-width: 2560px) 100vw, 2560px\" \/><figcaption>Przyk\u0142ady sto\u0142\u00f3w w Vanderluna<\/figcaption><\/figure>\n\n\n\n<p><strong>Du\u017cym plusem w <a rel=\"noreferrer noopener\" href=\"https:\/\/vanderluna.com\/pl\/\" target=\"_blank\">Varderlunie<\/a> jest r\u0119czna praca i stawianie na lokalne us\u0142ugi. <\/strong>Czego nie mog\u0105 sami wykona\u0107 zlecaj\u0105 zaprzyja\u017anionym podwykonawcom w okolicy. Przy takim podej\u015bciu mamy zagwarantowany niepowtarzalny mebel, kt\u00f3ry nie b\u0119dzie starze\u0107 si\u0119 jak te z popularnych sieci\u00f3wek.&nbsp;<\/p>\n\n\n\n<figure class=\"wp-block-gallery columns-1 is-cropped wp-block-gallery-2 is-layout-flex wp-block-gallery-is-layout-flex\"><ul class=\"blocks-gallery-grid\"><li class=\"blocks-gallery-item\"><figure><img loading=\"lazy\" decoding=\"async\" width=\"1170\" height=\"730\" src=\"http:\/\/www.wnetrznosci.com\/wp-content\/uploads\/2020\/08\/DSC04975-1170x730.jpg\" alt=\"\" data-id=\"6573\" data-full-url=\"http:\/\/www.wnetrznosci.com\/wp-content\/uploads\/2020\/08\/DSC04975-scaled.jpg\" data-link=\"http:\/\/www.wnetrznosci.com\/?attachment_id=6573\" class=\"wp-image-6573\"\/><\/figure><\/li><\/ul><\/figure>\n\n\n\n<p>Dla tych, kt\u00f3rzy regularnie nas \u015bledz\u0105 na <a href=\"http:\/\/www.instagram.com\/ourchoys\" target=\"_blank\" rel=\"noreferrer noopener\">Instaramie<\/a> nie b\u0119dzie zaskoczeniem nasz nowy st\u00f3\u0142 &#8211; jednak w tajemnicy uda\u0142o nam si\u0119 utrzyma\u0107 stolik kawowy, aby pozosta\u0142 cie\u0144 tajemnicy \ud83d\ude09 Po tym jak przez lata u\u017cytkowali\u015bmy rozk\u0142adany st\u00f3\u0142, doro\u015bli\u015bmy chyba do decyzji, \u017ce spokojnie damy sobie rad\u0119 z opcj\u0105 nierozk\u0142adan\u0105 (inny, rozk\u0142adany na wi\u0119ksze imprezy mamy w kom\u00f3rce lokatorskiej, wi\u0119c don\u2019t worry, mamy gdzie przyjmowa\u0107 go\u015bci ;)) Zale\u017ca\u0142o nam na centralnej nodze, aby swobodnie m\u00f3c przy nim siada\u0107 i nie obija\u0107 si\u0119 o wystaj\u0105ce \u201enogi\u201d.&nbsp; W naszej konfiguracji zdecydowali\u015bmy si\u0119 na blat z terrazzo wyko\u0144czony lam\u00f3wk\u0105 z mosi\u0105dzu, jedn\u0105 metalow\u0105 nog\u0119 w czarnym macie z du\u017c\u0105 i ci\u0119\u017ck\u0105 podstaw\u0105 w kolorze z\u0142ota. Stolik kawowy wedle naszych plan\u00f3w mia\u0142 pasowa\u0107 do sto\u0142u, aby tworzy\u0142y ze sob\u0105 sp\u00f3jny duet, jednak nie chcieli\u015bmy kopiowa\u0107 sto\u0142u, a stworzy\u0107 co\u015b innego. Poprzednio mieli\u015bmy do\u015b\u0107 du\u017cy, prostok\u0105tny stolik kawowy, kt\u00f3ry w naszym mieszkaniu zajmowa\u0142 za du\u017co miejsca.&nbsp; Nie zliczymy ju\u017c ile razy nasze biedne piszczele zaliczy\u0142y poca\u0142unek z kancikiem. Nie by\u0142o wi\u0119c dyskusji i postawili\u015bmy na owal, poniewa\u017c to w\u0142a\u015bnie ob\u0142e kszta\u0142ty podobaj\u0105&nbsp;nam si\u0119 od d\u0142u\u017cszego czasu. Rozmiar? Mniejszy, nie potrzebujemy ju\u017c du\u017cego stolika, poniewa\u017c cz\u0119sto przez to tworzy\u0142 nam si\u0119 na nim ba\u0142agan &#8211; jakie\u015b niewyja\u015bnione zjawisko po dzi\u015b dzie\u0144 \ud83d\ude09 W asekuracji mamy jeszcze jeden stolik, kt\u00f3ry stylem fajnie komponuje si\u0119 ze stolikiem od Vanderluna.<\/p>\n\n\n\n<p>Ale zaraz zaraz, co to w\u0142a\u015bciwie jest TO LASTRYKO?&nbsp;<\/p>\n\n\n\n<blockquote class=\"wp-block-quote is-layout-flow wp-block-quote-is-layout-flow\"><p>\u201eLastriko (r\u00f3wnie\u017c&nbsp;<strong>lastryko<\/strong>, lastrico, terrazzo) \u2013 materia\u0142 budowlany, rodzaj betonowego pod\u0142o\u017ca utworzony przez mieszanin\u0119 wody, cementu, grysu oraz barwnika stosowany do wylewania posadzek, schod\u00f3w, parapet\u00f3w oraz do nagrobk\u00f3w.\u201d<\/p><\/blockquote>\n\n\n\n<p>C\u00f3\u017c, jak wida\u0107 nadaje si\u0119 nie tylko do posadzek w przychodniach,&nbsp; na parapety rodem z&nbsp; prl\u2019u czy nagrobk\u00f3w \ud83d\ude09&nbsp;<\/p>\n\n\n\n<figure class=\"wp-block-gallery columns-3 is-cropped wp-block-gallery-3 is-layout-flex wp-block-gallery-is-layout-flex\"><ul class=\"blocks-gallery-grid\"><li class=\"blocks-gallery-item\"><figure><img loading=\"lazy\" decoding=\"async\" width=\"1125\" height=\"2000\" src=\"http:\/\/www.wnetrznosci.com\/wp-content\/uploads\/2020\/08\/DSC05017m.jpg\" alt=\"\" data-id=\"6575\" data-full-url=\"http:\/\/www.wnetrznosci.com\/wp-content\/uploads\/2020\/08\/DSC05017m.jpg\" data-link=\"http:\/\/www.wnetrznosci.com\/?attachment_id=6575\" class=\"wp-image-6575\" srcset=\"http:\/\/www.ourchoys.pl\/wp-content\/uploads\/2020\/08\/DSC05017m.jpg 1125w, http:\/\/www.ourchoys.pl\/wp-content\/uploads\/2020\/08\/DSC05017m-768x1365.jpg 768w, http:\/\/www.ourchoys.pl\/wp-content\/uploads\/2020\/08\/DSC05017m-169x300.jpg 169w, http:\/\/www.ourchoys.pl\/wp-content\/uploads\/2020\/08\/DSC05017m-864x1536.jpg 864w\" sizes=\"auto, (max-width: 1125px) 100vw, 1125px\" \/><\/figure><\/li><li class=\"blocks-gallery-item\"><figure><img loading=\"lazy\" decoding=\"async\" width=\"1125\" height=\"2000\" src=\"http:\/\/www.wnetrznosci.com\/wp-content\/uploads\/2020\/08\/DSC05089m.jpg\" alt=\"\" data-id=\"6576\" data-full-url=\"http:\/\/www.wnetrznosci.com\/wp-content\/uploads\/2020\/08\/DSC05089m.jpg\" data-link=\"http:\/\/www.wnetrznosci.com\/?attachment_id=6576\" class=\"wp-image-6576\" srcset=\"http:\/\/www.ourchoys.pl\/wp-content\/uploads\/2020\/08\/DSC05089m.jpg 1125w, http:\/\/www.ourchoys.pl\/wp-content\/uploads\/2020\/08\/DSC05089m-768x1365.jpg 768w, http:\/\/www.ourchoys.pl\/wp-content\/uploads\/2020\/08\/DSC05089m-169x300.jpg 169w, http:\/\/www.ourchoys.pl\/wp-content\/uploads\/2020\/08\/DSC05089m-864x1536.jpg 864w\" sizes=\"auto, (max-width: 1125px) 100vw, 1125px\" \/><\/figure><\/li><li class=\"blocks-gallery-item\"><figure><img loading=\"lazy\" decoding=\"async\" width=\"1082\" height=\"2000\" src=\"http:\/\/www.wnetrznosci.com\/wp-content\/uploads\/2020\/08\/DSC04988m.jpg\" alt=\"\" data-id=\"6577\" data-full-url=\"http:\/\/www.wnetrznosci.com\/wp-content\/uploads\/2020\/08\/DSC04988m.jpg\" data-link=\"http:\/\/www.wnetrznosci.com\/?attachment_id=6577\" class=\"wp-image-6577\" srcset=\"http:\/\/www.ourchoys.pl\/wp-content\/uploads\/2020\/08\/DSC04988m.jpg 1082w, http:\/\/www.ourchoys.pl\/wp-content\/uploads\/2020\/08\/DSC04988m-768x1420.jpg 768w, http:\/\/www.ourchoys.pl\/wp-content\/uploads\/2020\/08\/DSC04988m-162x300.jpg 162w, http:\/\/www.ourchoys.pl\/wp-content\/uploads\/2020\/08\/DSC04988m-831x1536.jpg 831w\" sizes=\"auto, (max-width: 1082px) 100vw, 1082px\" \/><\/figure><\/li><\/ul><\/figure>\n\n\n\n<p>Nie jest te\u017c ju\u017c tajemnic\u0105 wyb\u00f3r nowej kanapy, niestety &#8211; ci\u0119\u017cko by by\u0142o j\u0105 ukry\u0107 na zdj\u0119ciach \ud83d\ude09 Jednak w tym wypadku powstanie odr\u0119bny wpis o jej wyborze.&nbsp;<\/p>\n\n\n\n<p>Daj nam zna\u0107 jak Ty zapatrujesz si\u0119 na terrazzo? Widzisz w nim potencja\u0142, czy kojarzy Ci si\u0119 tylko i wy\u0142\u0105cznie z wytworem PRL-u? \ud83d\ude42 A mo\u017ce masz ju\u017c u siebie co\u015b tego surowca? Daj zna\u0107 w komentarzu!&nbsp;<\/p>\n\n\n\n<!--nextpage-->\n","protected":false},"excerpt":{"rendered":"<p>Na lastryko chorowali\u015bmy ju\u017c od d\u0142u\u017cszego czasu. Pocz\u0105tkowo w g\u0142owach narodzi\u0142 nam si\u0119 pomys\u0142 na komod\u0119 z blatem z terrazzo, ale szkoda nam by\u0142o rezygnowa\u0107 z naszej kochanej Violetty, kt\u00f3ra jest z nami od pocz\u0105tku przygody z blogowaniem. Swoj\u0105 chorob\u0119 zacz\u0119li\u015bmy do\u015b\u0107 szablonowo, bowiem od inspiracji na Pinterest, p\u00f3\u017aniej napatrzyli\u015bmy si\u0119 na kilka przepi\u0119knych mebli podczas targ\u00f3w Saloni w Mediolanie. Po okresie przej\u015bciowym, czyli wzdychaniu do ka\u017cdego zdj\u0119cia, na kt\u00f3rym&#8230;<\/p>\n","protected":false},"author":1,"featured_media":6569,"comment_status":"open","ping_status":"open","sticky":false,"template":"","format":"gallery","meta":{"_acf_changed":false,"footnotes":""},"categories":[422,12],"tags":[779,778,781,780,777,782],"class_list":["post-6564","post","type-post","status-publish","format-gallery","has-post-thumbnail","hentry","category-projekt-mieszkanie","category-wnetrze","tag-lastriko","tag-lastryko","tag-stolik-kawowy-lastryko","tag-stol-lastryko","tag-terrazzo","tag-varderluna","post_format-post-format-gallery"],"acf":[],"_links":{"self":[{"href":"http:\/\/www.ourchoys.pl\/index.php\/wp-json\/wp\/v2\/posts\/6564","targetHints":{"allow":["GET"]}}],"collection":[{"href":"http:\/\/www.ourchoys.pl\/index.php\/wp-json\/wp\/v2\/posts"}],"about":[{"href":"http:\/\/www.ourchoys.pl\/index.php\/wp-json\/wp\/v2\/types\/post"}],"author":[{"embeddable":true,"href":"http:\/\/www.ourchoys.pl\/index.php\/wp-json\/wp\/v2\/users\/1"}],"replies":[{"embeddable":true,"href":"http:\/\/www.ourchoys.pl\/index.php\/wp-json\/wp\/v2\/comments?post=6564"}],"version-history":[{"count":9,"href":"http:\/\/www.ourchoys.pl\/index.php\/wp-json\/wp\/v2\/posts\/6564\/revisions"}],"predecessor-version":[{"id":6581,"href":"http:\/\/www.ourchoys.pl\/index.php\/wp-json\/wp\/v2\/posts\/6564\/revisions\/6581"}],"wp:featuredmedia":[{"embeddable":true,"href":"http:\/\/www.ourchoys.pl\/index.php\/wp-json\/wp\/v2\/media\/6569"}],"wp:attachment":[{"href":"http:\/\/www.ourchoys.pl\/index.php\/wp-json\/wp\/v2\/media?parent=6564"}],"wp:term":[{"taxonomy":"category","embeddable":true,"href":"http:\/\/www.ourchoys.pl\/index.php\/wp-json\/wp\/v2\/categories?post=6564"},{"taxonomy":"post_tag","embeddable":true,"href":"http:\/\/www.ourchoys.pl\/index.php\/wp-json\/wp\/v2\/tags?post=6564"}],"curies":[{"name":"wp","href":"https:\/\/api.w.org\/{rel}","templated":true}]}}