{"id":6842,"date":"2021-03-18T15:53:54","date_gmt":"2021-03-18T14:53:54","guid":{"rendered":"http:\/\/www.wnetrznosci.com\/?p=6842"},"modified":"2021-03-18T15:53:58","modified_gmt":"2021-03-18T14:53:58","slug":"przechowywanie-w-sypialni","status":"publish","type":"post","link":"http:\/\/www.ourchoys.pl\/index.php\/przechowywanie-w-sypialni\/","title":{"rendered":"Przechowywanie w sypialni"},"content":{"rendered":"\n<figure class=\"wp-block-gallery columns-0 is-cropped wp-block-gallery-1 is-layout-flex wp-block-gallery-is-layout-flex\"><ul class=\"blocks-gallery-grid\"><\/ul><\/figure>\n\n\n\n<p>Jest w naszym mieszkaniu taki k\u0105t, kt\u00f3ry na zdj\u0119ciach do ten pory pojawia\u0142 si\u0119 bardzo rzadko &#8211; jedna ze \u015bcian w sypialni, a wszystko przez szafowy misz masz jaki tam panowa\u0142. <\/p>\n\n\n\n<p>&lt;tu mia\u0142o pojawi\u0107 si\u0119 zdj\u0119cie przed, ale przegl\u0105daj\u0105c zdj\u0119cia na telefonach do 2017 nie znale\u017ali\u015bmy \u017cadnego zdj\u0119cia &#8211; co daje do my\u015blenia \ud83d\ude09 ale! z tego powodu przygotowali\u015bmy profesjonaln\u0105 wizualizacje&gt;<\/p>\n\n\n\n<figure class=\"wp-block-image size-large\"><img loading=\"lazy\" decoding=\"async\" width=\"1170\" height=\"730\" src=\"http:\/\/www.wnetrznosci.com\/wp-content\/uploads\/2021\/03\/projekt-szafy-1170x730.jpg\" alt=\"\" class=\"wp-image-6845\"\/><figcaption>Profosjonalny projekt szaf, wszelkie prawa zastrze\u017cone &#x1f602;<\/figcaption><\/figure>\n\n\n\n<p><\/p>\n\n\n\n<p>A jeszcze wcze\u015bniej sypialnia wygl\u0105da\u0142a tak:<\/p>\n\n\n\n<figure class=\"wp-block-image size-large\"><img loading=\"lazy\" decoding=\"async\" width=\"930\" height=\"620\" src=\"http:\/\/www.wnetrznosci.com\/wp-content\/uploads\/2021\/03\/DSC_0098d-930x620-1.jpeg\" alt=\"\" class=\"wp-image-6846\" srcset=\"http:\/\/www.ourchoys.pl\/wp-content\/uploads\/2021\/03\/DSC_0098d-930x620-1.jpeg 930w, http:\/\/www.ourchoys.pl\/wp-content\/uploads\/2021\/03\/DSC_0098d-930x620-1-768x512.jpeg 768w, http:\/\/www.ourchoys.pl\/wp-content\/uploads\/2021\/03\/DSC_0098d-930x620-1-300x200.jpeg 300w, http:\/\/www.ourchoys.pl\/wp-content\/uploads\/2021\/03\/DSC_0098d-930x620-1-900x600.jpeg 900w\" sizes=\"auto, (max-width: 930px) 100vw, 930px\" \/><figcaption>LINK:<a href=\"http:\/\/www.wnetrznosci.com\/index.php\/projekt-mieszkanie-10\/\" target=\"_blank\" rel=\"noreferrer noopener\"> http:\/\/www.wnetrznosci.com\/index.php\/projekt-mieszkanie-10\/<\/a><\/figcaption><\/figure>\n\n\n\n<p>Tak, dobrze widzicie &#8211; to ju\u017c czas przesz\u0142y, bo dzi\u0119ki wsp\u00f3\u0142pracy z <a rel=\"noreferrer noopener\" href=\"https:\/\/kieleckafabrykamebli.pl\/\" target=\"_blank\">Kieleckimi Fabrykami Mebli<\/a> po\u017cegnali\u015bmy nasz\u0105 \u015bcian\u0119 wstydu, a zyskali\u015bmy dwie szafy, kt\u00f3re doskonale wype\u0142ni\u0142y ca\u0142\u0105 \u015bcian\u0119.  Przyznacie, \u017ce ma\u0142o &#8222;instagramowy&#8221; k\u0105t \ud83d\ude09 Wybieraj\u0105c nowe szafy chcieli\u015bmy z gotowych produkt\u00f3w maksymalnie wykorzysta\u0107 przestrze\u0144. Zdecydowali\u015bmy si\u0119 na klasyczne, proste bia\u0142e szafy, model <strong><a rel=\"noreferrer noopener\" href=\"https:\/\/kieleckafabrykamebli.pl\/pl\/p\/-DEXTER-Szafa-3D4S-biel-alpejska\/2704\" target=\"_blank\">DEXTER SZAFA 3D4S BIEL ALPEJSKA<\/a><\/strong> tak, aby wtopi\u0142y si\u0119 w otoczenie. Obie maj\u0105 wymiary: wysoko\u015b\u0107 200 cm: g\u0142\u0119boko\u015b\u0107 &#8211; 60&nbsp;cm i szeroko\u015b\u0107 120 cm, a wewn\u0105trz kryj\u0105 w sobie dr\u0105\u017cek na wisz\u0105ce ubrania, 4 p\u00f3\u0142ki obok i jedna du\u017c\u0105 nad dr\u0105\u017ckiem. <\/p>\n\n\n\n<figure class=\"wp-block-gallery columns-2 is-cropped wp-block-gallery-2 is-layout-flex wp-block-gallery-is-layout-flex\"><ul class=\"blocks-gallery-grid\"><li class=\"blocks-gallery-item\"><figure><img loading=\"lazy\" decoding=\"async\" width=\"2560\" height=\"1920\" src=\"http:\/\/www.wnetrznosci.com\/wp-content\/uploads\/2021\/03\/IMG_3735-scaled.jpg\" alt=\"\" data-id=\"6847\" data-full-url=\"http:\/\/www.wnetrznosci.com\/wp-content\/uploads\/2021\/03\/IMG_3735-scaled.jpg\" data-link=\"http:\/\/www.wnetrznosci.com\/?attachment_id=6847\" class=\"wp-image-6847\" srcset=\"http:\/\/www.ourchoys.pl\/wp-content\/uploads\/2021\/03\/IMG_3735-scaled.jpg 2560w, http:\/\/www.ourchoys.pl\/wp-content\/uploads\/2021\/03\/IMG_3735-768x576.jpg 768w, http:\/\/www.ourchoys.pl\/wp-content\/uploads\/2021\/03\/IMG_3735-300x225.jpg 300w, http:\/\/www.ourchoys.pl\/wp-content\/uploads\/2021\/03\/IMG_3735-1536x1152.jpg 1536w, http:\/\/www.ourchoys.pl\/wp-content\/uploads\/2021\/03\/IMG_3735-2048x1536.jpg 2048w, http:\/\/www.ourchoys.pl\/wp-content\/uploads\/2021\/03\/IMG_3735-1250x938.jpg 1250w, http:\/\/www.ourchoys.pl\/wp-content\/uploads\/2021\/03\/IMG_3735-1320x990.jpg 1320w\" sizes=\"auto, (max-width: 2560px) 100vw, 2560px\" \/><\/figure><\/li><li class=\"blocks-gallery-item\"><figure><img loading=\"lazy\" decoding=\"async\" width=\"1920\" height=\"2560\" src=\"http:\/\/www.wnetrznosci.com\/wp-content\/uploads\/2021\/03\/IMG_3736-scaled.jpg\" alt=\"\" data-id=\"6848\" data-full-url=\"http:\/\/www.wnetrznosci.com\/wp-content\/uploads\/2021\/03\/IMG_3736-scaled.jpg\" data-link=\"http:\/\/www.wnetrznosci.com\/?attachment_id=6848\" class=\"wp-image-6848\" srcset=\"http:\/\/www.ourchoys.pl\/wp-content\/uploads\/2021\/03\/IMG_3736-scaled.jpg 1920w, http:\/\/www.ourchoys.pl\/wp-content\/uploads\/2021\/03\/IMG_3736-768x1024.jpg 768w, http:\/\/www.ourchoys.pl\/wp-content\/uploads\/2021\/03\/IMG_3736-225x300.jpg 225w, http:\/\/www.ourchoys.pl\/wp-content\/uploads\/2021\/03\/IMG_3736-1152x1536.jpg 1152w, http:\/\/www.ourchoys.pl\/wp-content\/uploads\/2021\/03\/IMG_3736-1536x2048.jpg 1536w, http:\/\/www.ourchoys.pl\/wp-content\/uploads\/2021\/03\/IMG_3736-1250x1667.jpg 1250w, http:\/\/www.ourchoys.pl\/wp-content\/uploads\/2021\/03\/IMG_3736-1320x1760.jpg 1320w\" sizes=\"auto, (max-width: 1920px) 100vw, 1920px\" \/><\/figure><\/li><\/ul><\/figure>\n\n\n\n<p>Wreszcie mam na tyle g\u0142\u0119bok\u0105 p\u00f3\u0142k\u0119, na kt\u00f3rej mieszcz\u0105 si\u0119 wszystkie moje kapelusze, a do tej pory mia\u0142am z tym spory problem. Kolejnym elementem, na kt\u00f3rym baaardzo mi zale\u017ca\u0142o to by\u0142y szuflady. W ten spos\u00f3b wygodnie podzielili\u015bmy jakie\u015b drobne rzeczy czy bielizn\u0119, kt\u00f3ra cho\u0107 nie zajmuje du\u017co miejsca, to zdecydowanie \u0142atwiej j\u0105 posegregowa\u0107 i pouk\u0142ada\u0107 w szufladach. Ale&#8230; zanim przesz\u0142am do wype\u0142niania szaf ubraniami, najpierw trzeba by\u0142o je z\u0142o\u017cy\u0107. Nie b\u0119dziemy oszukiwa\u0107, to nie by\u0142a najprzyjemniejsza robota <\/p>\n\n\n\n<figure class=\"wp-block-gallery columns-3 is-cropped wp-block-gallery-3 is-layout-flex wp-block-gallery-is-layout-flex\"><ul class=\"blocks-gallery-grid\"><li class=\"blocks-gallery-item\"><figure><img loading=\"lazy\" decoding=\"async\" width=\"2560\" height=\"1920\" src=\"http:\/\/www.wnetrznosci.com\/wp-content\/uploads\/2021\/03\/IMG_3707-scaled.jpg\" alt=\"\" data-id=\"6849\" data-full-url=\"http:\/\/www.wnetrznosci.com\/wp-content\/uploads\/2021\/03\/IMG_3707-scaled.jpg\" data-link=\"http:\/\/www.wnetrznosci.com\/?attachment_id=6849\" class=\"wp-image-6849\" srcset=\"http:\/\/www.ourchoys.pl\/wp-content\/uploads\/2021\/03\/IMG_3707-scaled.jpg 2560w, http:\/\/www.ourchoys.pl\/wp-content\/uploads\/2021\/03\/IMG_3707-768x576.jpg 768w, http:\/\/www.ourchoys.pl\/wp-content\/uploads\/2021\/03\/IMG_3707-300x225.jpg 300w, http:\/\/www.ourchoys.pl\/wp-content\/uploads\/2021\/03\/IMG_3707-1536x1152.jpg 1536w, http:\/\/www.ourchoys.pl\/wp-content\/uploads\/2021\/03\/IMG_3707-2048x1536.jpg 2048w, http:\/\/www.ourchoys.pl\/wp-content\/uploads\/2021\/03\/IMG_3707-1250x938.jpg 1250w, http:\/\/www.ourchoys.pl\/wp-content\/uploads\/2021\/03\/IMG_3707-1320x990.jpg 1320w\" sizes=\"auto, (max-width: 2560px) 100vw, 2560px\" \/><\/figure><\/li><li class=\"blocks-gallery-item\"><figure><img loading=\"lazy\" decoding=\"async\" width=\"1920\" height=\"2560\" src=\"http:\/\/www.wnetrznosci.com\/wp-content\/uploads\/2021\/03\/IMG_3708-scaled.jpg\" alt=\"\" data-id=\"6850\" data-full-url=\"http:\/\/www.wnetrznosci.com\/wp-content\/uploads\/2021\/03\/IMG_3708-scaled.jpg\" data-link=\"http:\/\/www.wnetrznosci.com\/?attachment_id=6850\" class=\"wp-image-6850\" srcset=\"http:\/\/www.ourchoys.pl\/wp-content\/uploads\/2021\/03\/IMG_3708-scaled.jpg 1920w, http:\/\/www.ourchoys.pl\/wp-content\/uploads\/2021\/03\/IMG_3708-768x1024.jpg 768w, http:\/\/www.ourchoys.pl\/wp-content\/uploads\/2021\/03\/IMG_3708-225x300.jpg 225w, http:\/\/www.ourchoys.pl\/wp-content\/uploads\/2021\/03\/IMG_3708-1152x1536.jpg 1152w, http:\/\/www.ourchoys.pl\/wp-content\/uploads\/2021\/03\/IMG_3708-1536x2048.jpg 1536w, http:\/\/www.ourchoys.pl\/wp-content\/uploads\/2021\/03\/IMG_3708-1250x1667.jpg 1250w, http:\/\/www.ourchoys.pl\/wp-content\/uploads\/2021\/03\/IMG_3708-1320x1760.jpg 1320w\" sizes=\"auto, (max-width: 1920px) 100vw, 1920px\" \/><\/figure><\/li><li class=\"blocks-gallery-item\"><figure><img loading=\"lazy\" decoding=\"async\" width=\"1920\" height=\"2560\" src=\"http:\/\/www.wnetrznosci.com\/wp-content\/uploads\/2021\/03\/IMG_3706-scaled.jpg\" alt=\"\" data-id=\"6851\" data-full-url=\"http:\/\/www.wnetrznosci.com\/wp-content\/uploads\/2021\/03\/IMG_3706-scaled.jpg\" data-link=\"http:\/\/www.wnetrznosci.com\/?attachment_id=6851\" class=\"wp-image-6851\" srcset=\"http:\/\/www.ourchoys.pl\/wp-content\/uploads\/2021\/03\/IMG_3706-scaled.jpg 1920w, http:\/\/www.ourchoys.pl\/wp-content\/uploads\/2021\/03\/IMG_3706-768x1024.jpg 768w, http:\/\/www.ourchoys.pl\/wp-content\/uploads\/2021\/03\/IMG_3706-225x300.jpg 225w, http:\/\/www.ourchoys.pl\/wp-content\/uploads\/2021\/03\/IMG_3706-1152x1536.jpg 1152w, http:\/\/www.ourchoys.pl\/wp-content\/uploads\/2021\/03\/IMG_3706-1536x2048.jpg 1536w, http:\/\/www.ourchoys.pl\/wp-content\/uploads\/2021\/03\/IMG_3706-1250x1667.jpg 1250w, http:\/\/www.ourchoys.pl\/wp-content\/uploads\/2021\/03\/IMG_3706-1320x1760.jpg 1320w\" sizes=\"auto, (max-width: 1920px) 100vw, 1920px\" \/><\/figure><\/li><li class=\"blocks-gallery-item\"><figure><img loading=\"lazy\" decoding=\"async\" width=\"1920\" height=\"2560\" src=\"http:\/\/www.wnetrznosci.com\/wp-content\/uploads\/2021\/03\/IMG_3705-scaled.jpg\" alt=\"\" data-id=\"6852\" data-full-url=\"http:\/\/www.wnetrznosci.com\/wp-content\/uploads\/2021\/03\/IMG_3705-scaled.jpg\" data-link=\"http:\/\/www.wnetrznosci.com\/?attachment_id=6852\" class=\"wp-image-6852\" srcset=\"http:\/\/www.ourchoys.pl\/wp-content\/uploads\/2021\/03\/IMG_3705-scaled.jpg 1920w, http:\/\/www.ourchoys.pl\/wp-content\/uploads\/2021\/03\/IMG_3705-768x1024.jpg 768w, http:\/\/www.ourchoys.pl\/wp-content\/uploads\/2021\/03\/IMG_3705-225x300.jpg 225w, http:\/\/www.ourchoys.pl\/wp-content\/uploads\/2021\/03\/IMG_3705-1152x1536.jpg 1152w, http:\/\/www.ourchoys.pl\/wp-content\/uploads\/2021\/03\/IMG_3705-1536x2048.jpg 1536w, http:\/\/www.ourchoys.pl\/wp-content\/uploads\/2021\/03\/IMG_3705-1250x1667.jpg 1250w, http:\/\/www.ourchoys.pl\/wp-content\/uploads\/2021\/03\/IMG_3705-1320x1760.jpg 1320w\" sizes=\"auto, (max-width: 1920px) 100vw, 1920px\" \/><\/figure><\/li><\/ul><\/figure>\n\n\n\n<figure class=\"wp-block-image size-large\"><img loading=\"lazy\" decoding=\"async\" width=\"1170\" height=\"730\" src=\"http:\/\/www.wnetrznosci.com\/wp-content\/uploads\/2021\/03\/IMG_3722-1170x730.jpg\" alt=\"\" class=\"wp-image-6864\"\/><figcaption>Na szcz\u0119\u015bcie na miejscu by\u0142 najlepszy pomocnik \ud83d\ude09 <\/figcaption><\/figure>\n\n\n\n<p>Pomin\u0119 to, ile razy chcieli\u015bmy da\u0107 sobie spok\u00f3j i doko\u0144czy\u0107 drugiego dnia. Wed\u0142ug instrukcji dwie osoby powinny sobie poradzi\u0107 ze z\u0142o\u017ceniem jednej szafy w 3 godziny&#8230; nam zesz\u0142o d\u0142u\u017cej, jednak uda\u0142o si\u0119! Z drug\u0105 posz\u0142o ju\u017c zdecydowanie szybciej. Szafy Dexter s\u0105 bez uchwyt\u00f3w, ale \u017ceby nada\u0107 im wygl\u0105du, kt\u00f3ry b\u0119dzie bardziej pasowa\u0107 do naszego stylu i reszty mebli, zastanawiamy si\u0119 nad ich dodaniem. To jeszcze etap, kt\u00f3ry raczkuje w naszych g\u0142owach. <\/p>\n\n\n\n<figure class=\"wp-block-gallery columns-2 is-cropped wp-block-gallery-4 is-layout-flex wp-block-gallery-is-layout-flex\"><ul class=\"blocks-gallery-grid\"><li class=\"blocks-gallery-item\"><figure><img loading=\"lazy\" decoding=\"async\" width=\"2560\" height=\"1920\" src=\"http:\/\/www.wnetrznosci.com\/wp-content\/uploads\/2021\/03\/IMG_5413-2-scaled.jpg\" alt=\"\" data-id=\"6854\" data-full-url=\"http:\/\/www.wnetrznosci.com\/wp-content\/uploads\/2021\/03\/IMG_5413-2-scaled.jpg\" data-link=\"http:\/\/www.wnetrznosci.com\/?attachment_id=6854\" class=\"wp-image-6854\" srcset=\"http:\/\/www.ourchoys.pl\/wp-content\/uploads\/2021\/03\/IMG_5413-2-scaled.jpg 2560w, http:\/\/www.ourchoys.pl\/wp-content\/uploads\/2021\/03\/IMG_5413-2-768x576.jpg 768w, http:\/\/www.ourchoys.pl\/wp-content\/uploads\/2021\/03\/IMG_5413-2-300x225.jpg 300w, http:\/\/www.ourchoys.pl\/wp-content\/uploads\/2021\/03\/IMG_5413-2-1536x1152.jpg 1536w, http:\/\/www.ourchoys.pl\/wp-content\/uploads\/2021\/03\/IMG_5413-2-2048x1536.jpg 2048w, http:\/\/www.ourchoys.pl\/wp-content\/uploads\/2021\/03\/IMG_5413-2-1250x938.jpg 1250w, http:\/\/www.ourchoys.pl\/wp-content\/uploads\/2021\/03\/IMG_5413-2-1320x990.jpg 1320w\" sizes=\"auto, (max-width: 2560px) 100vw, 2560px\" \/><\/figure><\/li><li class=\"blocks-gallery-item\"><figure><img loading=\"lazy\" decoding=\"async\" width=\"1920\" height=\"2560\" src=\"http:\/\/www.wnetrznosci.com\/wp-content\/uploads\/2021\/03\/IMG_5419-2-scaled.jpg\" alt=\"\" data-id=\"6855\" data-full-url=\"http:\/\/www.wnetrznosci.com\/wp-content\/uploads\/2021\/03\/IMG_5419-2-scaled.jpg\" data-link=\"http:\/\/www.wnetrznosci.com\/?attachment_id=6855\" class=\"wp-image-6855\" srcset=\"http:\/\/www.ourchoys.pl\/wp-content\/uploads\/2021\/03\/IMG_5419-2-scaled.jpg 1920w, http:\/\/www.ourchoys.pl\/wp-content\/uploads\/2021\/03\/IMG_5419-2-768x1024.jpg 768w, http:\/\/www.ourchoys.pl\/wp-content\/uploads\/2021\/03\/IMG_5419-2-225x300.jpg 225w, http:\/\/www.ourchoys.pl\/wp-content\/uploads\/2021\/03\/IMG_5419-2-1152x1536.jpg 1152w, http:\/\/www.ourchoys.pl\/wp-content\/uploads\/2021\/03\/IMG_5419-2-1536x2048.jpg 1536w, http:\/\/www.ourchoys.pl\/wp-content\/uploads\/2021\/03\/IMG_5419-2-1250x1667.jpg 1250w, http:\/\/www.ourchoys.pl\/wp-content\/uploads\/2021\/03\/IMG_5419-2-1320x1760.jpg 1320w\" sizes=\"auto, (max-width: 1920px) 100vw, 1920px\" \/><\/figure><\/li><\/ul><\/figure>\n\n\n\n<p>Po cz\u0119\u015bci monta\u017cowej mog\u0142am przej\u015b\u0107 do przyjemniejszego etapu, czyli uk\u0142adania ubra\u0144 w \u015brodku. Sypialnia s\u0142u\u017cy nam jako miejsce do przechowywania ubra\u0144 codziennych, plus dodatki jak kapelusze, torby, ma\u0142e bibeloty. Wszystko uda\u0142o si\u0119 upchn\u0105\u0107 , a nawet zosta\u0142o troch\u0119 miejsca, co rzadko si\u0119 u nas zdarza :)) Na kurtki, po\u015bciele, buty, odkurzacz i inne wi\u0119ksze gabarytowo rzeczy mamy du\u017c\u0105 szaf\u0119 w przedpokoju. Tutaj nie potrzebowali\u015bmy wi\u0119c specjalnej przestrzeni na desk\u0119 do prasowania, czy suszark\u0119 do ubra\u0144, bo nie planujemy takich rzeczy w sypialni przechowywa\u0107. Tak jak wspomnia\u0142am my\u015blimy jeszcze o uchwytach, a na g\u00f3rze chcemy ulokowa\u0107 wiklinowe szerokie kosze\/kufry na rzadko u\u017cywane rzeczy. Teraz k\u0105t z szafami ju\u017c nie straszy, jest jednolicie i wszystko ma swoje miejsce. Je\u015bli macie w Waszych wn\u0119trzach takie miejsca, kt\u00f3re a\u017c krzycz\u0105, bo potrzebuj\u0105 zmian\/wyko\u0144czenia, to nie zastanawiajcie si\u0119 tylko dzia\u0142ajcie. Nic tak nie cieszy, jak uporz\u0105dkowana przestrze\u0144 wok\u00f3\u0142 nas. <\/p>\n\n\n\n<p><strong>Dodamy jeszcze, \u017ce w <a rel=\"noreferrer noopener\" href=\"https:\/\/kieleckafabrykamebli.pl\/\" target=\"_blank\">Kieleckich Fabrykach Mebli <\/a>na has\u0142o \u201erabat3\u201d macie obecnie (tre\u015b\u0107 na dzie\u0144 18.03.2021) &#8211; 18% rabatu, a transport jest DARMOWY!<\/strong><\/p>\n\n\n\n<figure class=\"wp-block-gallery columns-2 is-cropped wp-block-gallery-5 is-layout-flex wp-block-gallery-is-layout-flex\"><ul class=\"blocks-gallery-grid\"><li class=\"blocks-gallery-item\"><figure><img loading=\"lazy\" decoding=\"async\" width=\"1170\" height=\"730\" src=\"http:\/\/www.wnetrznosci.com\/wp-content\/uploads\/2021\/03\/DSC09991-1170x730.jpg\" alt=\"\" data-id=\"6856\" data-full-url=\"http:\/\/www.wnetrznosci.com\/wp-content\/uploads\/2021\/03\/DSC09991-scaled.jpg\" data-link=\"http:\/\/www.wnetrznosci.com\/?attachment_id=6856\" class=\"wp-image-6856\"\/><\/figure><\/li><li class=\"blocks-gallery-item\"><figure><img loading=\"lazy\" decoding=\"async\" width=\"1170\" height=\"730\" src=\"http:\/\/www.wnetrznosci.com\/wp-content\/uploads\/2021\/03\/DSC09988-1170x730.jpg\" alt=\"\" data-id=\"6858\" data-full-url=\"http:\/\/www.wnetrznosci.com\/wp-content\/uploads\/2021\/03\/DSC09988-scaled.jpg\" data-link=\"http:\/\/www.wnetrznosci.com\/?attachment_id=6858\" class=\"wp-image-6858\"\/><\/figure><\/li><\/ul><\/figure>\n\n\n\n<figure class=\"wp-block-image size-large\"><img loading=\"lazy\" decoding=\"async\" width=\"1170\" height=\"730\" src=\"http:\/\/www.wnetrznosci.com\/wp-content\/uploads\/2021\/03\/DSC09992-1-1170x730.jpg\" alt=\"\" class=\"wp-image-6859\"\/><\/figure>\n\n\n\n<p><\/p>\n\n\n\n<p class=\"has-text-align-center\">Post powsta\u0142 dzi\u0119ki wsp\u00f3\u0142pracy z mark\u0105 Kielecka Fabryka Mebli<\/p>\n","protected":false},"excerpt":{"rendered":"<p>Jest w naszym mieszkaniu taki k\u0105t, kt\u00f3ry na zdj\u0119ciach do ten pory pojawia\u0142 si\u0119 bardzo rzadko &#8211; jedna ze \u015bcian w sypialni, a wszystko przez szafowy misz masz jaki tam panowa\u0142. &lt;tu mia\u0142o pojawi\u0107 si\u0119 zdj\u0119cie przed, ale przegl\u0105daj\u0105c zdj\u0119cia na telefonach do 2017 nie znale\u017ali\u015bmy \u017cadnego zdj\u0119cia &#8211; co daje do my\u015blenia \ud83d\ude09 ale! z tego powodu przygotowali\u015bmy profesjonaln\u0105 wizualizacje&gt; A jeszcze wcze\u015bniej sypialnia wygl\u0105da\u0142a tak: Tak, dobrze widzicie&#8230;<\/p>\n","protected":false},"author":1,"featured_media":6858,"comment_status":"open","ping_status":"open","sticky":false,"template":"","format":"gallery","meta":{"_acf_changed":false,"footnotes":""},"categories":[12],"tags":[824,825,822,823,813,647,821],"class_list":["post-6842","post","type-post","status-publish","format-gallery","has-post-thumbnail","hentry","category-wnetrze","tag-bezowa-sypialnia","tag-biala-szafa","tag-jakie-szafy-wybrac","tag-kielecka-fabryka-mebli","tag-sypialnia-ourchoys","tag-szafy","tag-szafy-w-sypialni","post_format-post-format-gallery"],"acf":[],"_links":{"self":[{"href":"http:\/\/www.ourchoys.pl\/index.php\/wp-json\/wp\/v2\/posts\/6842","targetHints":{"allow":["GET"]}}],"collection":[{"href":"http:\/\/www.ourchoys.pl\/index.php\/wp-json\/wp\/v2\/posts"}],"about":[{"href":"http:\/\/www.ourchoys.pl\/index.php\/wp-json\/wp\/v2\/types\/post"}],"author":[{"embeddable":true,"href":"http:\/\/www.ourchoys.pl\/index.php\/wp-json\/wp\/v2\/users\/1"}],"replies":[{"embeddable":true,"href":"http:\/\/www.ourchoys.pl\/index.php\/wp-json\/wp\/v2\/comments?post=6842"}],"version-history":[{"count":8,"href":"http:\/\/www.ourchoys.pl\/index.php\/wp-json\/wp\/v2\/posts\/6842\/revisions"}],"predecessor-version":[{"id":6865,"href":"http:\/\/www.ourchoys.pl\/index.php\/wp-json\/wp\/v2\/posts\/6842\/revisions\/6865"}],"wp:featuredmedia":[{"embeddable":true,"href":"http:\/\/www.ourchoys.pl\/index.php\/wp-json\/wp\/v2\/media\/6858"}],"wp:attachment":[{"href":"http:\/\/www.ourchoys.pl\/index.php\/wp-json\/wp\/v2\/media?parent=6842"}],"wp:term":[{"taxonomy":"category","embeddable":true,"href":"http:\/\/www.ourchoys.pl\/index.php\/wp-json\/wp\/v2\/categories?post=6842"},{"taxonomy":"post_tag","embeddable":true,"href":"http:\/\/www.ourchoys.pl\/index.php\/wp-json\/wp\/v2\/tags?post=6842"}],"curies":[{"name":"wp","href":"https:\/\/api.w.org\/{rel}","templated":true}]}}