{"id":7133,"date":"2023-09-19T20:10:41","date_gmt":"2023-09-19T18:10:41","guid":{"rendered":"https:\/\/www.wnetrznosci.com\/?p=7133"},"modified":"2024-09-29T20:16:57","modified_gmt":"2024-09-29T18:16:57","slug":"nasze-idealne-krzeselko-do-karmienia-leander","status":"publish","type":"post","link":"http:\/\/www.ourchoys.pl\/index.php\/nasze-idealne-krzeselko-do-karmienia-leander\/","title":{"rendered":"Nasze idealne krzese\u0142ko do karmienia &#8211; Leander"},"content":{"rendered":"\n<figure class=\"wp-block-gallery has-nested-images columns-default is-cropped wp-block-gallery-1 is-layout-flex wp-block-gallery-is-layout-flex\"><\/figure>\n\n\n\n<p>Przyj\u015bcie na \u015bwiat Kajetana spowodowa\u0142o lawin\u0119 zmian nie tylko w naszym \u017cyciu ale i wn\u0119trzu. Staramy si\u0119 jednak dobiera\u0107 meble i akcesoria dzieci\u0119ce tak, by by\u0142y one zgodne z nasz\u0105 estetyk\u0105 ale i przede wszystkim, by by\u0142y pomocne w rozwoju dziecka.&nbsp;<\/p>\n\n\n\n<figure class=\"wp-block-image size-large\"><img decoding=\"async\" src=\"http:\/\/www.ourchoys.pl\/wp-content\/uploads\/2023\/09\/okladka-leander-1-1170x730.jpeg\" alt=\"\"\/><\/figure>\n\n\n\n<p>Z biegiem czasu, kiedy Kajtek zacz\u0105\u0142 dorasta\u0107 my postanowili\u015bmy rozejrze\u0107 si\u0119 za odpowiednim krzese\u0142kiem do karmienia. Jest to u nas bardzo wa\u017cny element dzieci\u0119cej uk\u0142adanki, bowiem musi pos\u0142u\u017cy\u0107 ju\u017c od male\u0144ko\u015bci,&nbsp; a dodatkowo sprosta\u0107 wielu wymaganiom pod k\u0105tem zdrowotnym ale i estetycznym. Tak w\u0142a\u015bnie dzi\u0119ki <a rel=\"noreferrer noopener\" href=\"https:\/\/scandinavianbaby.pl\/\" target=\"_blank\">Scandinavian baby<\/a> wyb\u00f3r pad\u0142 na przepi\u0119kne, drewniane krzese\u0142ko Leander Furniture w kolorze ciemnego br\u0105zu.&nbsp;<\/p>\n\n\n\n<figure class=\"wp-block-image size-large\"><img decoding=\"async\" src=\"http:\/\/www.ourchoys.pl\/wp-content\/uploads\/2023\/09\/IMG_5896-1170x730.jpg\" alt=\"\"\/><\/figure>\n\n\n\n<p>Jako \u015bwie\u017co upieczona mama pierwszego dziecka chc\u0105ca dokona\u0107 najlepszego wyboru, poszukiwania idealnego krzese\u0142ka zacz\u0119\u0142am nie tylko od stron sklep\u00f3w ale przede wszystkim od blog\u00f3w czy instagramowych profili&nbsp; fizjoterapeut\u00f3w i dietetyk\u00f3w dzieci\u0119cych, by zasi\u0119gn\u0105\u0107 fachowej wiedzy. Po przewertowaniu niezliczonej ilo\u015bci stron w internecie, wiedzia\u0142am ju\u017c na czym musz\u0119 si\u0119 skupi\u0107 podczas poszukiwa\u0144.<\/p>\n\n\n\n<figure class=\"wp-block-gallery has-nested-images columns-default is-cropped wp-block-gallery-2 is-layout-flex wp-block-gallery-is-layout-flex\">\n<figure class=\"wp-block-image size-large\"><a href=\"http:\/\/www.ourchoys.pl\/wp-content\/uploads\/2023\/09\/DSC08899-scaled.jpg\"><img decoding=\"async\" src=\"http:\/\/www.ourchoys.pl\/wp-content\/uploads\/2023\/09\/DSC08899-1170x730.jpg\" alt=\"\"\/><\/a><\/figure>\n\n\n\n<figure class=\"wp-block-image size-large\"><img decoding=\"async\" src=\"http:\/\/www.ourchoys.pl\/wp-content\/uploads\/2023\/09\/DSC08875-1170x730.jpg\" alt=\"\"\/><\/figure>\n\n\n\n<figure class=\"wp-block-image size-large\"><img decoding=\"async\" src=\"http:\/\/www.ourchoys.pl\/wp-content\/uploads\/2023\/09\/DSC08876-1170x730.jpg\" alt=\"\"\/><\/figure>\n\n\n\n<figure class=\"wp-block-image size-large\"><img decoding=\"async\" src=\"http:\/\/www.ourchoys.pl\/wp-content\/uploads\/2023\/09\/DSC08878-1170x730.jpg\" alt=\"\"\/><\/figure>\n\n\n\n<figure class=\"wp-block-image size-large\"><img decoding=\"async\" src=\"http:\/\/www.ourchoys.pl\/wp-content\/uploads\/2023\/09\/DSC08879-1170x730.jpg\" alt=\"\"\/><\/figure>\n\n\n\n<figure class=\"wp-block-image size-large\"><img decoding=\"async\" src=\"http:\/\/www.ourchoys.pl\/wp-content\/uploads\/2023\/09\/DSC08884-1170x730.jpg\" alt=\"\"\/><\/figure>\n<\/figure>\n\n\n\n<p>Zale\u017ca\u0142o mi na tym, by opr\u00f3cz estetyki Kajetan w krzese\u0142ku uzyska\u0142 odpowiedni\u0105 pozycj\u0119 sprzyjaj\u0105c\u0105 bezpiecznemu przyjmowaniu pokarm\u00f3w.<\/p>\n\n\n\n<p>Krzese\u0142ko do karmienia musi zapewni\u0107 dziecku stabilno\u015b\u0107 i podp\u00f3r. Dziecko powinno siedzie\u0107 w nim prosto, opiera\u0107 nogi o podn\u00f3\u017cek, nie buja\u0107 si\u0119 na boki i nie zje\u017cd\u017ca\u0107 w d\u00f3\u0142 . Dlatego odpowiednio dobrane krzese\u0142ko musi mie\u0107 regulowany podn\u00f3\u017cek i zapewnia\u0107 prost\u0105 pozycj\u0119 do jedzenia (odchylanym krzese\u0142kom m\u00f3wimy nie). Wszystkie te cechy zosta\u0142y spe\u0142nione, a krzese\u0142ko <a href=\"https:\/\/scandinavianbaby.pl\/product-pol-24190-LEANDER-krzeselko-do-karmienia-CLASSIC-TM-brazowe.html\" target=\"_blank\" rel=\"noreferrer noopener\">Leander Classic<\/a> zachowuj\u0105c pe\u0142n\u0105 stabilno\u015b\u0107 wygl\u0105da przy tym lekko i nie przyt\u0142acza wn\u0119trza. <\/p>\n\n\n\n<figure class=\"wp-block-image size-large\"><img loading=\"lazy\" decoding=\"async\" width=\"1170\" height=\"730\" src=\"https:\/\/www.wnetrznosci.com\/wp-content\/uploads\/2023\/09\/IMG_5840-1170x730.jpg\" alt=\"\" class=\"wp-image-7149\"\/><\/figure>\n\n\n\n<p>Zwraca\u0142am te\u017c uwag\u0119 na to, by w razie zakrztuszenia si\u0119, m\u00f3c szybko wyj\u0105\u0107 Kajka, by udzieli\u0107 mu pomocy.&nbsp;<\/p>\n\n\n\n<p>Kolejn\u0105 wa\u017cn\u0105 cech\u0105, by\u0142a dla nas mo\u017cliwo\u015b\u0107 dopasowania krzese\u0142ka do kolejnych etap\u00f3w wzrostu dziecka. Nie chcieli\u015bmy, by po osi\u0105gni\u0119ciu np. 15 kg krzese\u0142ko trzeba by\u0142o wymienia\u0107 na kolejne. Szukali\u015bmy rozwi\u0105zania na lata, a krzese\u0142ko do karmienia Leander wytrzyma obci\u0105\u017cenie do 125 kg. <\/p>\n\n\n\n<p><a href=\"https:\/\/scandinavianbaby.pl\/product-pol-25273-LEANDER-tacka-do-krzeselka-do-karmienia-CLASSIC-TM-biala.html\" target=\"_blank\" rel=\"noreferrer noopener\">Du\u017ca tacka<\/a> (AKCESORIUM) to r\u00f3wnie\u017c wa\u017cna rzecz, by dziecko mog\u0142o bra\u0107 czynny udzia\u0142 w spo\u017cywaniu posi\u0142k\u00f3w si\u0119gaj\u0105c po nie z z \u0142atwo\u015bci\u0105 ale i dobrze widz\u0105c to, co zosta\u0142o przygotowane do zjedzenia.<\/p>\n\n\n\n<figure class=\"wp-block-image size-large\"><img decoding=\"async\" src=\"http:\/\/www.ourchoys.pl\/wp-content\/uploads\/2023\/09\/IMG_5894-2-1170x730.jpg\" alt=\"\"\/><\/figure>\n\n\n\n<p>Podobno wsp\u00f3lne jedzenie posi\u0142k\u00f3w z dzieckiem pomaga podczas rozszerzania diety, dlatego super, je\u015bli krzese\u0142ko do karmienia mo\u017cna dosun\u0105\u0107 do sto\u0142u. Tak w\u0142a\u015bnie jest w przypadku krzese\u0142ka Leander Furniture. Do naszego sto\u0142u mo\u017cemy je dosun\u0105\u0107 nawet z na\u0142o\u017con\u0105 tack\u0105 i musz\u0119 przyzna\u0107, \u017ce kiedy my jemy swoje dania, Kajtek zajada przy nas wszystko z wi\u0119ksz\u0105 ch\u0119ci\u0105.&nbsp;<\/p>\n\n\n\n<p>Na koniec kwestie estetyczne, nie ma co ukrywa\u0107,  zakocha\u0142am si\u0119 w tym ciemnym kolorze. Do tego dobra\u0142am kontrastuj\u0105c\u0105<a rel=\"noreferrer noopener\" href=\"https:\/\/scandinavianbaby.pl\/product-pol-25272-LEANDER-poduszka-do-krzeselka-do-karmienia-CLASSIC-TM-bezowa.html\" target=\"_blank\"> jasn\u0105 poduszk\u0119<\/a>, bia\u0142\u0105 tac\u0119 i sk\u00f3rzany pas kroczny. W naszym wn\u0119trzu krzese\u0142ko prezentuje si\u0119 \u015bwietnie i dzi\u0119ki swojej klasycznej formie pozostanie ponadczasowe. Na pocz\u0105tku waha\u0142am si\u0119 nad wyborem naturalnego koloru, ale ostatecznie jestem bardzo zadowolona z tego, \u017ce pos\u0142ucha\u0142am g\u0142osu serca i wybra\u0142am ciemny. <br>Zreszt\u0105 sp\u00f3jrzcie jakie jeszcze inne zestawy mo\u017cna stworzy\u0107 bazuj\u0105c na dost\u0119pnych akcesoriach: <br><\/p>\n\n\n\n<figure class=\"wp-block-gallery has-nested-images columns-default is-cropped wp-block-gallery-3 is-layout-flex wp-block-gallery-is-layout-flex\">\n<figure class=\"wp-block-image size-large\"><img decoding=\"async\" src=\"http:\/\/www.ourchoys.pl\/wp-content\/uploads\/2023\/09\/pol_pl_LEANDER-krzeselko-do-karmienia-CLASSIC-TM-brazowe-24190_6.jpeg\" alt=\"\"\/><\/figure>\n\n\n\n<figure class=\"wp-block-image size-large\"><img decoding=\"async\" src=\"http:\/\/www.ourchoys.pl\/wp-content\/uploads\/2023\/09\/pol_pl_LEANDER-krzeselko-do-karmienia-CLASSIC-TM-czarne-24188_1-1170x730.jpeg\" alt=\"\"\/><\/figure>\n\n\n\n<figure class=\"wp-block-image size-large\"><img decoding=\"async\" src=\"http:\/\/www.ourchoys.pl\/wp-content\/uploads\/2023\/09\/pol_pl_LEANDER-krzeselko-do-karmienia-CLASSIC-TM-bielone-24187_8-1170x730.jpeg\" alt=\"\"\/><\/figure>\n\n\n\n<figure class=\"wp-block-image size-large\"><img decoding=\"async\" src=\"http:\/\/www.ourchoys.pl\/wp-content\/uploads\/2023\/09\/pol_pl_LEANDER-krzeselko-do-karmienia-CLASSIC-TM-bielone-24187_6-1170x730.jpeg\" alt=\"\"\/><\/figure>\n<\/figure>\n\n\n\n<p>Wpis powsta\u0142 we wsp\u00f3\u0142pracy ze Scandinavian Baby <\/p>\n","protected":false},"excerpt":{"rendered":"<p>Przyj\u015bcie na \u015bwiat Kajetana spowodowa\u0142o lawin\u0119 zmian nie tylko w naszym \u017cyciu ale i wn\u0119trzu. Staramy si\u0119 jednak dobiera\u0107 meble i akcesoria dzieci\u0119ce tak, by by\u0142y one zgodne z nasz\u0105 estetyk\u0105 ale i przede wszystkim, by by\u0142y pomocne w rozwoju dziecka.&nbsp; Z biegiem czasu, kiedy Kajtek zacz\u0105\u0142 dorasta\u0107 my postanowili\u015bmy rozejrze\u0107 si\u0119 za odpowiednim krzese\u0142kiem do karmienia. Jest to u nas bardzo wa\u017cny element dzieci\u0119cej uk\u0142adanki, bowiem musi pos\u0142u\u017cy\u0107 ju\u017c&#8230;<\/p>\n","protected":false},"author":1,"featured_media":7134,"comment_status":"open","ping_status":"open","sticky":false,"template":"","format":"gallery","meta":{"_acf_changed":false,"footnotes":""},"categories":[12],"tags":[874,873,871,870,872],"class_list":["post-7133","post","type-post","status-publish","format-gallery","has-post-thumbnail","hentry","category-wnetrze","tag-design-dzieciecy","tag-jakie-krzeselko-do-karmienia","tag-krzeselko-do-karmienia","tag-leander","tag-scandinavian-baby","post_format-post-format-gallery"],"acf":[],"_links":{"self":[{"href":"http:\/\/www.ourchoys.pl\/index.php\/wp-json\/wp\/v2\/posts\/7133","targetHints":{"allow":["GET"]}}],"collection":[{"href":"http:\/\/www.ourchoys.pl\/index.php\/wp-json\/wp\/v2\/posts"}],"about":[{"href":"http:\/\/www.ourchoys.pl\/index.php\/wp-json\/wp\/v2\/types\/post"}],"author":[{"embeddable":true,"href":"http:\/\/www.ourchoys.pl\/index.php\/wp-json\/wp\/v2\/users\/1"}],"replies":[{"embeddable":true,"href":"http:\/\/www.ourchoys.pl\/index.php\/wp-json\/wp\/v2\/comments?post=7133"}],"version-history":[{"count":5,"href":"http:\/\/www.ourchoys.pl\/index.php\/wp-json\/wp\/v2\/posts\/7133\/revisions"}],"predecessor-version":[{"id":7157,"href":"http:\/\/www.ourchoys.pl\/index.php\/wp-json\/wp\/v2\/posts\/7133\/revisions\/7157"}],"wp:featuredmedia":[{"embeddable":true,"href":"http:\/\/www.ourchoys.pl\/index.php\/wp-json\/wp\/v2\/media\/7134"}],"wp:attachment":[{"href":"http:\/\/www.ourchoys.pl\/index.php\/wp-json\/wp\/v2\/media?parent=7133"}],"wp:term":[{"taxonomy":"category","embeddable":true,"href":"http:\/\/www.ourchoys.pl\/index.php\/wp-json\/wp\/v2\/categories?post=7133"},{"taxonomy":"post_tag","embeddable":true,"href":"http:\/\/www.ourchoys.pl\/index.php\/wp-json\/wp\/v2\/tags?post=7133"}],"curies":[{"name":"wp","href":"https:\/\/api.w.org\/{rel}","templated":true}]}}